{"id":49978,"date":"2025-04-24T20:00:09","date_gmt":"2025-04-24T20:00:09","guid":{"rendered":"https:\/\/www.europesays.com\/fr\/49978\/"},"modified":"2025-04-24T20:00:09","modified_gmt":"2025-04-24T20:00:09","slug":"quatre-francais-soupconnes-de-vol-dans-un-hotel-arretes-en-suisse","status":"publish","type":"post","link":"https:\/\/www.europesays.com\/fr\/49978\/","title":{"rendered":"Quatre Fran\u00e7ais soup\u00e7onn\u00e9s de vol dans un h\u00f4tel arr\u00eat\u00e9s en Suisse"},"content":{"rendered":"<p>Le vol a eu lieu dans la petite ville de Chavannes-de-Bogis, proche de la fronti\u00e8re franco-suisse, dans la nuit de mercredi \u00e0 jeudi.<\/p>\n<p class=\"fig-paragraph\">Quatre ressortissants fran\u00e7ais ont \u00e9t\u00e9 arr\u00eat\u00e9s jeudi et plac\u00e9s en d\u00e9tention provisoire dans le\u00a0<a href=\"http:\/\/www.lefigaro.fr\/economie\/suisse-certains-fraudeurs-seront-traques-par-gps-dans-le-canton-de-vaud-20200131\" data-fig-type=\"NewsFlash\" data-gtm-custom-categorie=\"navigation\" data-gtm-custom-action=\"crossclick\" data-gtm-custom-label=\"Contextuel\" data-gtm-event=\"customEventSPE\" data-fig-domain=\"LEFIGARO\" target=\"_blank\" rel=\"noopener\">canton de Vaud<\/a>, dans l&rsquo;ouest de la\u00a0<a href=\"https:\/\/www.lefigaro.fr\/tag\/suisse\" target=\"_blank\" rel=\"noopener\" data-gtm-custom-categorie=\"navigation\" data-gtm-custom-action=\"crossclick\" data-gtm-custom-label=\"Contextuel\" data-gtm-event=\"customEventSPE\">Suisse<\/a>, soup\u00e7onn\u00e9s de vol dans un h\u00f4tel, a indiqu\u00e9 la police cantonale dans un communiqu\u00e9. Vers 03H00 jeudi, plusieurs individus ont p\u00e9n\u00e9tr\u00e9 dans un h\u00f4tel de Chavannes-de-Bogis, une petite ville coll\u00e9e \u00e0 la fronti\u00e8re fran\u00e7aise. Ils \u00abont menac\u00e9 le r\u00e9ceptionniste avant de le ligoter et de le frapper\u00bb et de le blesser l\u00e9g\u00e8rement, indique la police. \u00abUn client qui cheminait par la r\u00e9ception a \u00e9t\u00e9 plac\u00e9 \u00e0 c\u00f4t\u00e9 de l&#8217;employ\u00e9 par les malfrats.\u00a0<\/p>\n<p class=\"fig-paragraph\">Les auteurs se sont ensuite enfuis en emportant notamment du num\u00e9raire\u00bb, pr\u00e9cise la police cantonale. Cette derni\u00e8re a mis en place un important dispositif qui a permis \u00abd&rsquo;interpeller successivement dans le cours de la matin\u00e9e quatre personnes soup\u00e7onn\u00e9es d&rsquo;\u00eatre les auteurs\u00bb. En raison de la proximit\u00e9 de la fronti\u00e8re fran\u00e7aise, l&rsquo;Office f\u00e9d\u00e9ral de la douane et de la s\u00e9curit\u00e9 des fronti\u00e8res ainsi que la police genevoise ont \u00e9galement \u00e9t\u00e9 mobilis\u00e9s.<\/p>\n<p class=\"fig-paragraph\">\u00abUn premier individu a \u00e9t\u00e9 interpell\u00e9 peu apr\u00e8s les faits au volant d&rsquo;un v\u00e9hicule. Ses trois complices ont \u00e9t\u00e9 appr\u00e9hend\u00e9s quelques heures plus tard\u00bb, raconte la police. Il s&rsquo;agit de deux Fran\u00e7ais \u00e2g\u00e9s de 24 ans, d&rsquo;un autre \u00e2g\u00e9 de 25 ans et d&rsquo;une Fran\u00e7aise \u00e2g\u00e9e de 27 ans. \u00ab\u00c0 ce stade, ils b\u00e9n\u00e9ficient de la pr\u00e9somption d&rsquo;innocence\u00bb, pr\u00e9cise la police.<\/p>\n","protected":false},"excerpt":{"rendered":"Le vol a eu lieu dans la petite ville de Chavannes-de-Bogis, proche de la fronti\u00e8re franco-suisse, dans la&hellip;\n","protected":false},"author":2,"featured_media":49979,"comment_status":"","ping_status":"","sticky":false,"template":"","format":"standard","meta":{"footnotes":""},"categories":[5],"tags":[1111,47,11,1109,1112,118,1108,107,1106,1107,1011,27,190,1110,1114,14,12,1113,316,3067,1175,28],"class_list":{"0":"post-49978","1":"post","2":"type-post","3":"status-publish","4":"format-standard","5":"has-post-thumbnail","7":"category-international","8":"tag-actu","9":"tag-actualite","10":"tag-actualites","11":"tag-breves","12":"tag-depeches","13":"tag-faits-divers","14":"tag-fil","15":"tag-fil-info","16":"tag-flash","17":"tag-flash-actu","18":"tag-fr","19":"tag-france","20":"tag-hotel","21":"tag-informations","22":"tag-infos","23":"tag-international","24":"tag-news","25":"tag-nouvelles","26":"tag-politique","27":"tag-suisse","28":"tag-vol","29":"tag-world"},"share_on_mastodon":{"url":"https:\/\/pubeurope.com\/@fr\/114394721459623860","error":""},"_links":{"self":[{"href":"https:\/\/www.europesays.com\/fr\/wp-json\/wp\/v2\/posts\/49978","targetHints":{"allow":["GET"]}}],"collection":[{"href":"https:\/\/www.europesays.com\/fr\/wp-json\/wp\/v2\/posts"}],"about":[{"href":"https:\/\/www.europesays.com\/fr\/wp-json\/wp\/v2\/types\/post"}],"author":[{"embeddable":true,"href":"https:\/\/www.europesays.com\/fr\/wp-json\/wp\/v2\/users\/2"}],"replies":[{"embeddable":true,"href":"https:\/\/www.europesays.com\/fr\/wp-json\/wp\/v2\/comments?post=49978"}],"version-history":[{"count":0,"href":"https:\/\/www.europesays.com\/fr\/wp-json\/wp\/v2\/posts\/49978\/revisions"}],"wp:featuredmedia":[{"embeddable":true,"href":"https:\/\/www.europesays.com\/fr\/wp-json\/wp\/v2\/media\/49979"}],"wp:attachment":[{"href":"https:\/\/www.europesays.com\/fr\/wp-json\/wp\/v2\/media?parent=49978"}],"wp:term":[{"taxonomy":"category","embeddable":true,"href":"https:\/\/www.europesays.com\/fr\/wp-json\/wp\/v2\/categories?post=49978"},{"taxonomy":"post_tag","embeddable":true,"href":"https:\/\/www.europesays.com\/fr\/wp-json\/wp\/v2\/tags?post=49978"}],"curies":[{"name":"wp","href":"https:\/\/api.w.org\/{rel}","templated":true}]}}