{"id":499785,"date":"2025-10-30T10:58:14","date_gmt":"2025-10-30T10:58:14","guid":{"rendered":"https:\/\/www.europesays.com\/fr\/499785\/"},"modified":"2025-10-30T10:58:14","modified_gmt":"2025-10-30T10:58:14","slug":"le-muscanoz-fete-ses-dix-ans-avec-un-concert-special-dans-le-vignoble-nantais","status":"publish","type":"post","link":"https:\/\/www.europesays.com\/fr\/499785\/","title":{"rendered":"Le Muscanoz f\u00eate ses dix ans avec un concert sp\u00e9cial dans le Vignoble nantais"},"content":{"rendered":"<p>            Par<br \/>\n        <strong><br \/>\n            <a href=\"https:\/\/actu.fr\/auteur\/laurent-fortin\" title=\"Consulter tous les articles de Laurent Fortin\" target=\"_blank\" rel=\"noopener\">Laurent Fortin<\/a><br \/>\n        <\/strong><\/p>\n<p>        Publi\u00e9 le<\/p>\n<p>            30 oct. 2025 \u00e0 9h04        <\/p>\n<p>Les fest noz ne sont pas l\u00e9gion dans le Vignoble nantais. Toutefois, le <a href=\"https:\/\/actu.fr\/pays-de-la-loire\/clisson_44043\/a-clisson-ce-groupe-celtique-va-inviter-les-personnes-a-entrer-dans-la-ronde_61624773.html\" target=\"_blank\" rel=\"noopener\">Cercle Celtique de Clisson<\/a> entretient la tradition bretonne avec ce rendez-vous phare.<\/p>\n<p class=\" wall-content\">Il aura lieu pour la <b>10e fois.<\/b> Il se tiendra le samedi 1er\u00a0novembre, salle du Quatrain \u00e0 <a href=\"https:\/\/actu.fr\/pays-de-la-loire\/haute-goulaine_44071\" target=\"_blank\" rel=\"noopener\">Haute-Goulaine<\/a>.<\/p>\n<p>Six groupes majeurs de la sc\u00e8ne bretonne<\/p>\n<p class=\" wall-content\">Cette ann\u00e9e,<b> six groupes majeurs <\/b>de la sc\u00e8ne bretonne seront pr\u00e9sents pour cet \u00e9v\u00e9nement qui se d\u00e9roulera de 18 h \u00e0 2 h du matin.<\/p>\n<p class=\" wall-content\">Sur sc\u00e8ne, N165. C\u2019est une constitution <b>sp\u00e9ciale pour cet anniversaire<\/b>. Il s\u2019agit de la rencontre de deux duos qui ont \u00e9labor\u00e9 une cr\u00e9ation musicale unique, \u00e0 savoir les duos Blain\/Leyzour et Landat\/Moisson. Ils uniront leurs \u00e9nergies pour une c\u00e9l\u00e9bration du lien, de la musique vivante et de la danse.<\/p>\n<p>Six groupes pour tous les go\u00fbts<\/p>\n<p class=\" wall-content\"><b>Ampouailh<\/b>, qui signifie \u00ab\u00a0chenapan\u00a0\u00bb en breton, sera un autre groupe qui \u00e9voluera sur sc\u00e8ne ce soir-l\u00e0. Ces musiciens sont issus du Centre-Bretagne. Cr\u00e9\u00e9e en janvier\u00a02004, la formation a jou\u00e9 dans de prestigieux fest-noz tel que Yaouank.<\/p>\n<p class=\" wall-content\">Trio rennais port\u00e9 par la voix a\u00e9rienne de Manna\u00efg Le Gu\u00e9vel, <b>Eri <\/b>fait le pari audacieux de fusionner influences traditionnelles de Haute-Bretagne et puissance des musiques actuelles amplifi\u00e9es. Ils seront aussi au Quatrain.<\/p>\n<p>Vid\u00e9os : en ce moment sur Actu<\/p>\n<p class=\" wall-content\">Tout comme <b>Manglo<\/b>, groupe de chanteurs du <a href=\"https:\/\/actu.fr\/infosredon\/\" target=\"_blank\" rel=\"noopener\">Pays de Redon<\/a>, depuis 1996. Ensuite, Kelt Duo, compos\u00e9 de Klo\u00e9 Courtois au trombone et de Xavier Courtois \u00e0 l\u2019accord\u00e9on diatonique, est un duo p\u00e8re\/fille devenu champion de Bretagne en duo libre en 2024 \u00e0 Gourin.<\/p>\n<p>Votre r\u00e9gion, votre actu !<\/p>\n<p>Recevez chaque jour les infos qui comptent pour vous.<\/p>\n<p>\t<a href=\"https:\/\/actu.fr\/newsletter\" class=\"ac-btn ac-btn--corner ac-btn--medium ac-btn--blue800\" target=\"_blank\" rel=\"noopener\">S&rsquo;incrire<\/a><\/p>\n<p class=\" wall-content\">Enfin,<b> Corentin David<\/b> sera \u00e9galement pr\u00e9sent. L\u2019artiste \u00e9volue dans le milieu traditionnel depuis longtemps. Sonneur de bombarde, de biniou et de veuze, c\u2019est avec cette derni\u00e8re, en soliste, qu\u2019il vous fera danser.<\/p>\n<p>Muscanoz, au Quatrain \u00e0 Haute-Goulaine, le samedi 1er\u00a0novembre, \u00e0 partir de 18 h. Tarifs : 8,\u20ac (adulte), 5\u00a0euros en pr\u00e9vente et pour les moins de 18\u00a0ans, \u00e9tudiant et demandeur d\u2019emploi, gratuit pour les moins de 12\u00a0ans.<\/p>\n<p class=\" wall-content\">Personnalisez votre actualit\u00e9 en ajoutant vos villes et m\u00e9dias en favori avec <a href=\"https:\/\/moncompte.actu.fr\" title=\"D\u00e9couvez Mon Actu\" rel=\"nofollow noopener\" data-trk=\"{&quot;cta&quot;:{&quot;action&quot;:&quot;https:\\\/\\\/moncompte.actu.fr&quot;,&quot;category&quot;:&quot;mon compte&quot;,&quot;from&quot;:&quot;article footer&quot;,&quot;name&quot;:&quot;Mon actu&quot;,&quot;type&quot;:&quot;cta&quot;}}\" target=\"_blank\">Mon Actu<\/a>.<\/p>\n","protected":false},"excerpt":{"rendered":"Par Laurent Fortin Publi\u00e9 le 30 oct. 2025 \u00e0 9h04 Les fest noz ne sont pas l\u00e9gion dans&hellip;\n","protected":false},"author":2,"featured_media":499786,"comment_status":"","ping_status":"","sticky":false,"template":"","format":"standard","meta":{"footnotes":""},"categories":[2818],"tags":[1111,11,1777,674,1011,27,1652,873,8510,766,12,2636,25,2900],"class_list":{"0":"post-499785","1":"post","2":"type-post","3":"status-publish","4":"format-standard","5":"has-post-thumbnail","7":"category-nantes","8":"tag-actu","9":"tag-actualites","10":"tag-eu","11":"tag-europe","12":"tag-fr","13":"tag-france","14":"tag-loisirs-culture","15":"tag-musique","16":"tag-musique-bretonne","17":"tag-nantes","18":"tag-news","19":"tag-pays-de-la-loire","20":"tag-republique-francaise","21":"tag-vignoble-nantais"},"share_on_mastodon":{"url":"https:\/\/pubeurope.com\/@fr\/115462766838298654","error":""},"_links":{"self":[{"href":"https:\/\/www.europesays.com\/fr\/wp-json\/wp\/v2\/posts\/499785","targetHints":{"allow":["GET"]}}],"collection":[{"href":"https:\/\/www.europesays.com\/fr\/wp-json\/wp\/v2\/posts"}],"about":[{"href":"https:\/\/www.europesays.com\/fr\/wp-json\/wp\/v2\/types\/post"}],"author":[{"embeddable":true,"href":"https:\/\/www.europesays.com\/fr\/wp-json\/wp\/v2\/users\/2"}],"replies":[{"embeddable":true,"href":"https:\/\/www.europesays.com\/fr\/wp-json\/wp\/v2\/comments?post=499785"}],"version-history":[{"count":0,"href":"https:\/\/www.europesays.com\/fr\/wp-json\/wp\/v2\/posts\/499785\/revisions"}],"wp:featuredmedia":[{"embeddable":true,"href":"https:\/\/www.europesays.com\/fr\/wp-json\/wp\/v2\/media\/499786"}],"wp:attachment":[{"href":"https:\/\/www.europesays.com\/fr\/wp-json\/wp\/v2\/media?parent=499785"}],"wp:term":[{"taxonomy":"category","embeddable":true,"href":"https:\/\/www.europesays.com\/fr\/wp-json\/wp\/v2\/categories?post=499785"},{"taxonomy":"post_tag","embeddable":true,"href":"https:\/\/www.europesays.com\/fr\/wp-json\/wp\/v2\/tags?post=499785"}],"curies":[{"name":"wp","href":"https:\/\/api.w.org\/{rel}","templated":true}]}}