{"id":499790,"date":"2025-10-30T11:01:10","date_gmt":"2025-10-30T11:01:10","guid":{"rendered":"https:\/\/www.europesays.com\/fr\/499790\/"},"modified":"2025-10-30T11:01:10","modified_gmt":"2025-10-30T11:01:10","slug":"des-demarcheurs-abusifs-signales-dans-cette-ville-pres-de-bordeaux","status":"publish","type":"post","link":"https:\/\/www.europesays.com\/fr\/499790\/","title":{"rendered":"des d\u00e9marcheurs abusifs signal\u00e9s dans cette ville pr\u00e8s de Bordeaux"},"content":{"rendered":"<p>            Par<br \/>\n        <strong><br \/>\n            <a href=\"https:\/\/actu.fr\/auteur\/juliette-cardinale\" title=\"Consulter tous les articles de Juliette Cardinale\" rel=\"nofollow noopener\" target=\"_blank\">Juliette Cardinale<\/a><br \/>\n        <\/strong><\/p>\n<p>        Publi\u00e9 le<\/p>\n<p>            30 oct. 2025 \u00e0 11h44        <\/p>\n<p>\u00ab\u00a0Attention aux d\u00e9marchages abusifs !\u00a0\u00bb,\u00a0alerte la ville <a href=\"https:\/\/actu.fr\/nouvelle-aquitaine\/le-taillan-medoc_33519\" rel=\"nofollow noopener\" target=\"_blank\">du Taillan-M\u00e9doc<\/a> ce mercredi 29 octobre 2025. Plusieurs personnes mal intentionn\u00e9es s\u00e9vissent dans la commune du nord-est de Bordeaux, avec un <strong>stratag\u00e8me bien huil\u00e9.<\/strong><\/p>\n<p class=\" wall-content\">\u00ab\u00a0Des habitants ont signal\u00e9 la visite de personnes se pr\u00e9sentant comme <strong>membres d\u2019un organisme public<\/strong> ou mandat\u00e9 par lui, en charge d\u2019expertiser les maisons et jardins pour d\u00e9tecter la pr\u00e9sence <strong>de termites ou de capricornes\u00a0\u00bb,<\/strong> d\u00e9taille la municipalit\u00e9.\u00a0<\/p>\n<p class=\" wall-content\">Pour rendre leur d\u00e9marche plus cr\u00e9dible, ils affirment pouvoir d\u00e9livrer <strong>un certificat<\/strong> <strong>valable pendant cinq ans.<\/strong> Mais aussi participer \u00e0 une \u00e9tude ou une cartographie r\u00e9gionale. Une fois les expertises r\u00e9alis\u00e9es, les entreprises proposent un devis de traitement payant, sans valeur l\u00e9gale.<\/p>\n<p>Des faux certificats<\/p>\n<p class=\" wall-content\"><strong>\u00ab\u00a0Aucune entreprise<\/strong>\u00a0n\u2019a \u00e9t\u00e9 mandat\u00e9e par la Ville ni par un organisme officiel tel que le FCBA (Centre technique du bois)\u00a0\u00bb, <a href=\"https:\/\/www.facebook.com\/TaillanMedoc33\" rel=\"nofollow noopener\" target=\"_blank\">mart\u00e8le l\u2019\u00e9quipe municipale sur ses r\u00e9seaux.<\/a><\/p>\n<p class=\" wall-content\">Les seuls diagnostics termines ou capricornes valables sont ceux r\u00e9alis\u00e9s par les entreprises <strong>certifi\u00e9s CTB A+<\/strong> ou \u00e9quivalent. Quand bien m\u00eame, ils ne sont valides que 6 mois dans le cadre d\u2019une vente immobili\u00e8re.<\/p>\n<p class=\" wall-content\">\u00ab\u00a0Les certificats d\u00e9livr\u00e9s dans le cadre de ces <a href=\"https:\/\/actu.fr\/tag\/demarchage-abusif\" rel=\"nofollow noopener\" target=\"_blank\">d\u00e9marchages abusifs<\/a> n\u2019ont aucune valeur officielle\u00a0\u00bb, rappelle la mairie. Elle\u00a0conseille aux habitants de <strong>ne pas donner<\/strong> suite aux solliciteurs et de signaler tout d\u00e9marchage suspect aupr\u00e8s de la <a href=\"https:\/\/actu.fr\/tag\/police\" rel=\"nofollow noopener\" target=\"_blank\">police municipale<\/a> ou de la municipalit\u00e9.<\/p>\n<p class=\" wall-content\">Personnalisez votre actualit\u00e9 en ajoutant vos villes et m\u00e9dias en favori avec <a href=\"https:\/\/moncompte.actu.fr\" title=\"D\u00e9couvez Mon Actu\" rel=\"nofollow noopener\" data-trk=\"{&quot;cta&quot;:{&quot;action&quot;:&quot;https:\\\/\\\/moncompte.actu.fr&quot;,&quot;category&quot;:&quot;mon compte&quot;,&quot;from&quot;:&quot;article footer&quot;,&quot;name&quot;:&quot;Mon actu&quot;,&quot;type&quot;:&quot;cta&quot;}}\" target=\"_blank\">Mon Actu<\/a>.<\/p>\n","protected":false},"excerpt":{"rendered":"Par Juliette Cardinale Publi\u00e9 le 30 oct. 2025 \u00e0 11h44 \u00ab\u00a0Attention aux d\u00e9marchages abusifs !\u00a0\u00bb,\u00a0alerte la ville du&hellip;\n","protected":false},"author":2,"featured_media":499791,"comment_status":"","ping_status":"","sticky":false,"template":"","format":"standard","meta":{"footnotes":""},"categories":[2817],"tags":[1111,11,3514,1997,23332,1777,674,1011,27,12,2219,25,104],"class_list":{"0":"post-499790","1":"post","2":"type-post","3":"status-publish","4":"format-standard","5":"has-post-thumbnail","7":"category-bordeaux","8":"tag-actu","9":"tag-actualites","10":"tag-arnaque","11":"tag-bordeaux","12":"tag-demarchage-abusif","13":"tag-eu","14":"tag-europe","15":"tag-fr","16":"tag-france","17":"tag-news","18":"tag-nouvelle-aquitaine","19":"tag-republique-francaise","20":"tag-societe"},"share_on_mastodon":{"url":"https:\/\/pubeurope.com\/@fr\/115462778736557167","error":""},"_links":{"self":[{"href":"https:\/\/www.europesays.com\/fr\/wp-json\/wp\/v2\/posts\/499790","targetHints":{"allow":["GET"]}}],"collection":[{"href":"https:\/\/www.europesays.com\/fr\/wp-json\/wp\/v2\/posts"}],"about":[{"href":"https:\/\/www.europesays.com\/fr\/wp-json\/wp\/v2\/types\/post"}],"author":[{"embeddable":true,"href":"https:\/\/www.europesays.com\/fr\/wp-json\/wp\/v2\/users\/2"}],"replies":[{"embeddable":true,"href":"https:\/\/www.europesays.com\/fr\/wp-json\/wp\/v2\/comments?post=499790"}],"version-history":[{"count":0,"href":"https:\/\/www.europesays.com\/fr\/wp-json\/wp\/v2\/posts\/499790\/revisions"}],"wp:featuredmedia":[{"embeddable":true,"href":"https:\/\/www.europesays.com\/fr\/wp-json\/wp\/v2\/media\/499791"}],"wp:attachment":[{"href":"https:\/\/www.europesays.com\/fr\/wp-json\/wp\/v2\/media?parent=499790"}],"wp:term":[{"taxonomy":"category","embeddable":true,"href":"https:\/\/www.europesays.com\/fr\/wp-json\/wp\/v2\/categories?post=499790"},{"taxonomy":"post_tag","embeddable":true,"href":"https:\/\/www.europesays.com\/fr\/wp-json\/wp\/v2\/tags?post=499790"}],"curies":[{"name":"wp","href":"https:\/\/api.w.org\/{rel}","templated":true}]}}