{"id":499796,"date":"2025-10-30T11:04:11","date_gmt":"2025-10-30T11:04:11","guid":{"rendered":"https:\/\/www.europesays.com\/fr\/499796\/"},"modified":"2025-10-30T11:04:11","modified_gmt":"2025-10-30T11:04:11","slug":"la-nuit-des-piscines-revient-pour-sa-10e-edition","status":"publish","type":"post","link":"https:\/\/www.europesays.com\/fr\/499796\/","title":{"rendered":"La Nuit des Piscines revient pour sa 10e \u00e9dition !"},"content":{"rendered":"<p>Organis\u00e9 en partenariat avec de nombreuses piscines du territoire, <strong>La Nuit des Piscines<\/strong> invite petits et grands \u00e0 red\u00e9couvrir les plaisirs de la baignade \u00e0 travers des animations originales, des initiations sportives et des ambiances lumineuses originales. Plong\u00e9e, aquagym, jeux aquatiques ou encore musique et jeux d\u2019\u00e9clairage seront au rendez-vous pour transformer les piscines en v\u00e9ritables lieux de f\u00eate. L\u2019entr\u00e9e est libre, pour permettre \u00e0 chacun de profiter d\u2019un moment convivial et ludique, en famille ou entre amis, au c\u0153ur de l\u2019arri\u00e8re-saison.<\/p>\n<p>Le programme des animations \u00e0 la Piscine Lesaffre de Roubaix<\/p>\n<p>Horaires : 17h20 \u2013 19h<\/p>\n<p><strong>Petit bain :<\/strong><\/p>\n<ul>\n<li>17h20 \u2013 18h15 : Aqua volley<\/li>\n<li>18h30 \u2013 19h00 : Aquagym<\/li>\n<\/ul>\n<p>Grand bain :<\/p>\n<ul>\n<li>Bapt\u00eames de plong\u00e9e<\/li>\n<li>Parcours d\u2019obstacles<\/li>\n<li>Course de radeaux<\/li>\n<li>D\u00e9fi distance avec \u00e9lastique<\/li>\n<\/ul>\n<p>Stand ext\u00e9rieur :<\/p>\n<p>Naturopathie et bien-\u00eatre<\/p>\n<p><strong>&gt; Important : Les mineurs devront \u00eatre accompagn\u00e9s d\u2019un parent dans l\u2019eau. Bonnet de bain obligatoire<\/strong><\/p>\n","protected":false},"excerpt":{"rendered":"Organis\u00e9 en partenariat avec de nombreuses piscines du territoire, La Nuit des Piscines invite petits et grands \u00e0&hellip;\n","protected":false},"author":2,"featured_media":499797,"comment_status":"","ping_status":"","sticky":false,"template":"","format":"standard","meta":{"footnotes":""},"categories":[2815],"tags":[1111,11,1777,674,1011,27,811,1307,12,5922,25],"class_list":{"0":"post-499796","1":"post","2":"type-post","3":"status-publish","4":"format-standard","5":"has-post-thumbnail","7":"category-lille","8":"tag-actu","9":"tag-actualites","10":"tag-eu","11":"tag-europe","12":"tag-fr","13":"tag-france","14":"tag-hauts-de-france","15":"tag-lille","16":"tag-news","17":"tag-piscine","18":"tag-republique-francaise"},"share_on_mastodon":{"url":"https:\/\/pubeurope.com\/@fr\/115462790515708349","error":""},"_links":{"self":[{"href":"https:\/\/www.europesays.com\/fr\/wp-json\/wp\/v2\/posts\/499796","targetHints":{"allow":["GET"]}}],"collection":[{"href":"https:\/\/www.europesays.com\/fr\/wp-json\/wp\/v2\/posts"}],"about":[{"href":"https:\/\/www.europesays.com\/fr\/wp-json\/wp\/v2\/types\/post"}],"author":[{"embeddable":true,"href":"https:\/\/www.europesays.com\/fr\/wp-json\/wp\/v2\/users\/2"}],"replies":[{"embeddable":true,"href":"https:\/\/www.europesays.com\/fr\/wp-json\/wp\/v2\/comments?post=499796"}],"version-history":[{"count":0,"href":"https:\/\/www.europesays.com\/fr\/wp-json\/wp\/v2\/posts\/499796\/revisions"}],"wp:featuredmedia":[{"embeddable":true,"href":"https:\/\/www.europesays.com\/fr\/wp-json\/wp\/v2\/media\/499797"}],"wp:attachment":[{"href":"https:\/\/www.europesays.com\/fr\/wp-json\/wp\/v2\/media?parent=499796"}],"wp:term":[{"taxonomy":"category","embeddable":true,"href":"https:\/\/www.europesays.com\/fr\/wp-json\/wp\/v2\/categories?post=499796"},{"taxonomy":"post_tag","embeddable":true,"href":"https:\/\/www.europesays.com\/fr\/wp-json\/wp\/v2\/tags?post=499796"}],"curies":[{"name":"wp","href":"https:\/\/api.w.org\/{rel}","templated":true}]}}