{"id":499801,"date":"2025-10-30T11:09:14","date_gmt":"2025-10-30T11:09:14","guid":{"rendered":"https:\/\/www.europesays.com\/fr\/499801\/"},"modified":"2025-10-30T11:09:14","modified_gmt":"2025-10-30T11:09:14","slug":"un-jeune-homme-agresse-a-larme-blanche-a-marseille-le-suspect-en-fuite","status":"publish","type":"post","link":"https:\/\/www.europesays.com\/fr\/499801\/","title":{"rendered":"Un jeune homme agress\u00e9 \u00e0 l&rsquo;arme blanche \u00e0 Marseille, le suspect en fuite"},"content":{"rendered":"<p>Un homme a \u00e9t\u00e9 bless\u00e9 \u00e0 l\u2019arme blanche mercredi soir 29\u00a0octobre dans le 10e arrondissement de <a href=\"https:\/\/www.laprovence.com\/bouches-du-rhone\/marseille-13055\" target=\"_blank\" rel=\"noopener\">Marseille<\/a>. Le principal suspect a pris la fuite. Il est activement recherch\u00e9 par la police.<\/p>\n<p>Il \u00e9tait un peu plus de 23 h 45 ce mercredi soir, lorsqu\u2019un homme a \u00e9t\u00e9 agress\u00e9 avenue de Toulon, par un individu qui lui a ass\u00e9n\u00e9 plusieurs coups de couteau.<\/p>\n<p>Plut\u00f4t que de quitter prestement les lieux comme on aurait pu s\u2019y attendre, le suspect, particuli\u00e8rement mena\u00e7ant, est dans un premier temps parvenu \u00e0 tenir \u00e0 distance les <a href=\"https:\/\/www.laprovence.com\/article\/faits-divers-justice\/3392939957226614\/trois-marins-pompiers-agresses-au-cutter-par-un-homme-auquel-ils-devaient-prodiguer-des-soins-a-marseille\" target=\"_blank\" rel=\"noopener\">marins-pompiers<\/a> qui tentaient d\u2019intervenir pour porter secours \u00e0 la victime.<\/p>\n<p>Le suspect est en fuite<\/p>\n<p>\u00c0 l\u2019arriv\u00e9e d\u2019un \u00e9quipage de la <a href=\"https:\/\/www.laprovence.com\/article\/region\/6060478813255314\/courses-poursuites-descentes-sur-les-points-de-deal-dans-les-quartiers-nord-a-marseille-la-police-municipale-facon-bac\" target=\"_blank\" rel=\"noopener\">police municipale<\/a>, il a pris la fuite en voiture.\u00a0Un v\u00e9hicule qui a \u00e9t\u00e9 retrouv\u00e9 un peu plus tard, dans ce m\u00eame 10e arrondissement, abandonn\u00e9 sur le <a href=\"https:\/\/www.laprovence.com\/article\/faits-divers-justice\/3772917877929815\/video-un-restaurant-marseillais-braque-en-plein-service\" target=\"_blank\" rel=\"noopener\">boulevard Romain Rolland<\/a>, vide de tout occupant mais pas exempt d\u2019indices, puisque la police aurait notamment retrouv\u00e9 des traces de sang sur le si\u00e8ge passager.<\/p>\n<p>Investigations dans la cit\u00e9 Benza<\/p>\n<p>Poursuivant leurs investigations, les enqu\u00eateurs auraient ensuite observ\u00e9 des traces de sang jusque dans la <a href=\"https:\/\/www.laprovence.com\/article\/faits-divers-justice\/2356708639278914\/fusillades-en-chaine-a-la-cite-benza-a-marseille-2-suspects-en-garde-a-vue\" target=\"_blank\" rel=\"noopener\">cit\u00e9 Benza<\/a>. Des indices dont le relev\u00e9 et l\u2019exploitation ont occup\u00e9 les agents de la police technique et scientifique une partie de la nuit.<\/p>\n<p>Le suspect est toujours recherch\u00e9 ce jeudi matin, tandis qu\u2019\u00e0 l\u2019h\u00f4pital o\u00f9 elle a \u00e9t\u00e9 transport\u00e9e ce mercredi soir, avec un pronostic vital engag\u00e9 dans un premier temps, la victime dont l\u2019\u00e9tat se serait stabilis\u00e9, est toujours entre les mains des m\u00e9decins.<\/p>\n<p>\u00c2g\u00e9 d\u2019une vingtaine d\u2019ann\u00e9es, le jeune homme bless\u00e9 souffre notamment d\u2019une plaie \u00e0 l\u2019aisselle.<\/p>\n","protected":false},"excerpt":{"rendered":"Un homme a \u00e9t\u00e9 bless\u00e9 \u00e0 l\u2019arme blanche mercredi soir 29\u00a0octobre dans le 10e arrondissement de Marseille. Le&hellip;\n","protected":false},"author":2,"featured_media":499802,"comment_status":"","ping_status":"","sticky":false,"template":"","format":"standard","meta":{"footnotes":""},"categories":[2814],"tags":[17,1111,11,8058,8386,1102,1777,674,274,1011,27,4933,3913,1859,884,12,882,25,16022],"class_list":{"0":"post-499801","1":"post","2":"type-post","3":"status-publish","4":"format-standard","5":"has-post-thumbnail","7":"category-marseille","8":"tag-17","9":"tag-actu","10":"tag-actualites","11":"tag-agresse","12":"tag-blanche","13":"tag-breakingnews","14":"tag-eu","15":"tag-europe","16":"tag-faits-divers-justice","17":"tag-fr","18":"tag-france","19":"tag-homme","20":"tag-jeune","21":"tag-larme","22":"tag-marseille","23":"tag-news","24":"tag-provence-alpes-cote-dazur","25":"tag-republique-francaise","26":"tag-suspect"},"share_on_mastodon":{"url":"https:\/\/pubeurope.com\/@fr\/115462810150879005","error":""},"_links":{"self":[{"href":"https:\/\/www.europesays.com\/fr\/wp-json\/wp\/v2\/posts\/499801","targetHints":{"allow":["GET"]}}],"collection":[{"href":"https:\/\/www.europesays.com\/fr\/wp-json\/wp\/v2\/posts"}],"about":[{"href":"https:\/\/www.europesays.com\/fr\/wp-json\/wp\/v2\/types\/post"}],"author":[{"embeddable":true,"href":"https:\/\/www.europesays.com\/fr\/wp-json\/wp\/v2\/users\/2"}],"replies":[{"embeddable":true,"href":"https:\/\/www.europesays.com\/fr\/wp-json\/wp\/v2\/comments?post=499801"}],"version-history":[{"count":0,"href":"https:\/\/www.europesays.com\/fr\/wp-json\/wp\/v2\/posts\/499801\/revisions"}],"wp:featuredmedia":[{"embeddable":true,"href":"https:\/\/www.europesays.com\/fr\/wp-json\/wp\/v2\/media\/499802"}],"wp:attachment":[{"href":"https:\/\/www.europesays.com\/fr\/wp-json\/wp\/v2\/media?parent=499801"}],"wp:term":[{"taxonomy":"category","embeddable":true,"href":"https:\/\/www.europesays.com\/fr\/wp-json\/wp\/v2\/categories?post=499801"},{"taxonomy":"post_tag","embeddable":true,"href":"https:\/\/www.europesays.com\/fr\/wp-json\/wp\/v2\/tags?post=499801"}],"curies":[{"name":"wp","href":"https:\/\/api.w.org\/{rel}","templated":true}]}}