{"id":499803,"date":"2025-10-30T11:10:11","date_gmt":"2025-10-30T11:10:11","guid":{"rendered":"https:\/\/www.europesays.com\/fr\/499803\/"},"modified":"2025-10-30T11:10:11","modified_gmt":"2025-10-30T11:10:11","slug":"qui-fait-la-meilleure-baguette-et-le-meilleur-croissant-du-rhone","status":"publish","type":"post","link":"https:\/\/www.europesays.com\/fr\/499803\/","title":{"rendered":"qui fait la meilleure baguette et le meilleur croissant du Rh\u00f4ne\u00a0?"},"content":{"rendered":"<p>Cette seizi\u00e8me \u00e9dition du concours de la meilleure baguette du Rh\u00f4ne et du meilleur croissant, organis\u00e9 par la Maison de la Boulangerie Loire Rh\u00f4ne, va consacrer deux laur\u00e9ats du d\u00e9partement, l\u2019un dans la cat\u00e9gorie baguette de tradition fran\u00e7aise, l\u2019autre dans la cat\u00e9gorie croissant. Au-del\u00e0 des normes demand\u00e9es, c\u2019est l\u2019excellence que les candidats doivent atteindre.<\/p>\n<p>\u00ab\u00a0La maison de la boulangerie du Rh\u00f4ne organise chaque ann\u00e9e le concours de la meilleure baguette pour mettre en avant les produits vendus au quotidien par les artisans boulangers. L\u2019artisan&#8230;<\/p>\n","protected":false},"excerpt":{"rendered":"Cette seizi\u00e8me \u00e9dition du concours de la meilleure baguette du Rh\u00f4ne et du meilleur croissant, organis\u00e9 par la&hellip;\n","protected":false},"author":2,"featured_media":499804,"comment_status":"","ping_status":"","sticky":false,"template":"","format":"standard","meta":{"footnotes":""},"categories":[1889],"tags":[1111,11,1477,2430,33,3152,2757,3153,3154,3155,3156,1777,674,107,1011,27,2428,12,25,2429],"class_list":{"0":"post-499803","1":"post","2":"type-post","3":"status-publish","4":"format-standard","5":"has-post-thumbnail","7":"category-lyon","8":"tag-actu","9":"tag-actualites","10":"tag-artisanat","11":"tag-auvergne-rhone-alpes","12":"tag-economie","13":"tag-edition-est-lyonnais","14":"tag-edition-lyon-villeurbanne","15":"tag-edition-ouest-lyonnais","16":"tag-edition-sud-lyonnais","17":"tag-edition-tarare","18":"tag-edition-villefranche","19":"tag-eu","20":"tag-europe","21":"tag-fil-info","22":"tag-fr","23":"tag-france","24":"tag-lyon","25":"tag-news","26":"tag-republique-francaise","27":"tag-rhone"},"share_on_mastodon":{"url":"https:\/\/pubeurope.com\/@fr\/115462814166081524","error":""},"_links":{"self":[{"href":"https:\/\/www.europesays.com\/fr\/wp-json\/wp\/v2\/posts\/499803","targetHints":{"allow":["GET"]}}],"collection":[{"href":"https:\/\/www.europesays.com\/fr\/wp-json\/wp\/v2\/posts"}],"about":[{"href":"https:\/\/www.europesays.com\/fr\/wp-json\/wp\/v2\/types\/post"}],"author":[{"embeddable":true,"href":"https:\/\/www.europesays.com\/fr\/wp-json\/wp\/v2\/users\/2"}],"replies":[{"embeddable":true,"href":"https:\/\/www.europesays.com\/fr\/wp-json\/wp\/v2\/comments?post=499803"}],"version-history":[{"count":0,"href":"https:\/\/www.europesays.com\/fr\/wp-json\/wp\/v2\/posts\/499803\/revisions"}],"wp:featuredmedia":[{"embeddable":true,"href":"https:\/\/www.europesays.com\/fr\/wp-json\/wp\/v2\/media\/499804"}],"wp:attachment":[{"href":"https:\/\/www.europesays.com\/fr\/wp-json\/wp\/v2\/media?parent=499803"}],"wp:term":[{"taxonomy":"category","embeddable":true,"href":"https:\/\/www.europesays.com\/fr\/wp-json\/wp\/v2\/categories?post=499803"},{"taxonomy":"post_tag","embeddable":true,"href":"https:\/\/www.europesays.com\/fr\/wp-json\/wp\/v2\/tags?post=499803"}],"curies":[{"name":"wp","href":"https:\/\/api.w.org\/{rel}","templated":true}]}}