{"id":499805,"date":"2025-10-30T11:11:21","date_gmt":"2025-10-30T11:11:21","guid":{"rendered":"https:\/\/www.europesays.com\/fr\/499805\/"},"modified":"2025-10-30T11:11:21","modified_gmt":"2025-10-30T11:11:21","slug":"lyon-une-folle-course-poursuite-en-ville-degenere-le-chauffard-sans-permis-fait-des-blesses","status":"publish","type":"post","link":"https:\/\/www.europesays.com\/fr\/499805\/","title":{"rendered":"Lyon. Une folle course poursuite en ville d\u00e9g\u00e9n\u00e8re, le chauffard sans permis fait des bless\u00e9s"},"content":{"rendered":"<p>            Par<br \/>\n        <strong><br \/>\n            <a href=\"https:\/\/actu.fr\/auteur\/julien-damboise\" title=\"Consulter tous les articles de Julien Damboise\" target=\"_blank\" rel=\"noopener\">Julien Damboise<\/a><br \/>\n        <\/strong><\/p>\n<p>        Publi\u00e9 le<\/p>\n<p>            30 oct. 2025 \u00e0 11h26        <\/p>\n<p><strong>INFO ACTU LYON<\/strong>. Un <a href=\"https:\/\/actu.fr\/tag\/refus-d-obtemperer\" target=\"_blank\" rel=\"noopener\">refus d\u2019obtemp\u00e9rer<\/a>, suivi d\u2019une <strong>longue course poursuite<\/strong>, s\u2019est termin\u00e9 par un choc tr\u00e8s violent dans le 9\u1d49 arrondissement de <a href=\"https:\/\/actu.fr\/lyon\/\" target=\"_blank\" rel=\"noopener\">Lyon<\/a> ce mercredi 29 octobre 2025. <strong>Quatre policiers ont \u00e9t\u00e9 bless\u00e9s<\/strong> lors de cette op\u00e9ration \u00e0 haut risque. Voici ce qu\u2019il s\u2019est pass\u00e9.<\/p>\n<p>Une poursuite partie de V\u00e9nissieux<\/p>\n<p class=\" wall-content\">Tout a d\u00e9but\u00e9 route de Vienne, \u00e0 <a href=\"https:\/\/actu.fr\/auvergne-rhone-alpes\/venissieux_69259\" target=\"_blank\" rel=\"noopener\">V\u00e9nissieux<\/a>, quand des policiers d\u2019une brigade police-secours ont voulu stopper un v\u00e9hicule suspect qui <strong>roulait \u00e0 toute vitesse<\/strong>, avec \u00e0 son bord deux individus. Mais le conducteur de la <a href=\"https:\/\/actu.fr\/auvergne-rhone-alpes\/ceignes_01067\/pres-de-lyon-sa-peugeot-freine-toute-seule-alors-qu-elle-roule-a-120km-h-sur-l-a40-j-ai-eu-tres-peur_62977982.html\" target=\"_blank\" rel=\"noopener\">Peugeot<\/a> 308 a pr\u00e9f\u00e9r\u00e9 acc\u00e9l\u00e9rer \u00e0 fond pour \u00e9chapper aux agents.<\/p>\n<p class=\" wall-content\">Une course poursuite s\u2019est donc lanc\u00e9e. Une \u00ab\u00a0chasse\u00a0\u00bb qui est pass\u00e9e une partie de l\u2019agglom\u00e9ration de Lyon, jusqu\u2019\u00e0 l\u2019avenue Sidoine-Apollinaire dans le 9\u1d49 arrondissement, soit environ <strong>sept kilom\u00e8tres plus loin<\/strong>.<\/p>\n<p class=\" wall-content\">Mais sur cet axe tr\u00e8s emprunt\u00e9, pr\u00e8s de la piscine de <a href=\"https:\/\/actu.fr\/auvergne-rhone-alpes\/lyon_69123\/lyon-on-a-suivi-robin-qui-nettoie-gratuitement-la-ville-on-ne-peut-pas-tout-laisser-pousser_63304115.html\" target=\"_blank\" rel=\"noopener\">Vaise<\/a>, tout a bascul\u00e9.<\/p>\n<p>La brigade canine percut\u00e9e<\/p>\n<p class=\" wall-content\">Toujours selon nos informations, le chauffard au volant de la Peugeot a <strong>percut\u00e9 l\u2019avant d\u2019une voiture de la brigade canine<\/strong> engag\u00e9e dans la poursuite. Le mis en cause n\u2019aurait pas h\u00e9sit\u00e9 \u00e0 rouler \u00e0 contresens pour aller heurter les forces de l\u2019ordre. Un acte \u00ab\u00a0volontaire\u00a0\u00bb selon le syndicat de police Un1t\u00e9.<\/p>\n<p class=\" wall-content\">Le choc, qui a d\u00e9clench\u00e9 les airbags, a fait <strong>trois bless\u00e9s parmi les policiers<\/strong>. Ces derniers souffrent notamment de traumatismes aux cervicales, mais aussi aux genoux ou aux bras pour certains.<\/p>\n<p>Il se cache dans un mar\u00e9cage<\/p>\n<p class=\" wall-content\">Alors que le passager de la voiture a \u00e9t\u00e9 rapidement interpell\u00e9, l\u2019individu au volant a continu\u00e9 de fuir \u00e0 pied. D\u2019apr\u00e8s une source proche du dossier, ce dernier s\u2019est <strong>r\u00e9fugi\u00e9 dans un mar\u00e9cage<\/strong> tout proche. Il a finalement \u00e9t\u00e9 d\u00e9busqu\u00e9 alors qu\u2019il tentait de se dissimuler dans des ronces. Il a \u00e9galement \u00e9t\u00e9 interpell\u00e9 et plac\u00e9 en garde \u00e0 vue.<\/p>\n<p>Votre r\u00e9gion, votre actu !<\/p>\n<p>Recevez chaque jour les infos qui comptent pour vous.<\/p>\n<p>\t<a href=\"https:\/\/actu.fr\/newsletter\" class=\"ac-btn ac-btn--corner ac-btn--medium ac-btn--blue800\" target=\"_blank\" rel=\"noopener\">S&rsquo;incrire<\/a><\/p>\n<p class=\" wall-content\">Durant cette poursuite \u00e0 pied, un autre policier s\u2019est bless\u00e9. En passant un grillage haut, le fonctionnaire s\u2019est <strong>embroch\u00e9 la main<\/strong>. Hospitalis\u00e9, il devait subir une op\u00e9ration ce jeudi matin.<\/p>\n<p class=\" wall-content\">Les deux interpell\u00e9s, \u00e2g\u00e9s d\u2019environ 25 et 32 ans, ont \u00e9t\u00e9 transport\u00e9s \u00e0 l\u2019<a href=\"https:\/\/actu.fr\/tag\/hopital\" target=\"_blank\" rel=\"noopener\">h\u00f4pital<\/a> pour des soins. Le conducteur \u00e9tait sous le coup d\u2019une<strong> interdiction d\u2019obtenir le permis de conduire<\/strong>. Une enqu\u00eate est ouverte.\u00a0<\/p>\n<p class=\" wall-content\">Personnalisez votre actualit\u00e9 en ajoutant vos villes et m\u00e9dias en favori avec <a href=\"https:\/\/moncompte.actu.fr\" title=\"D\u00e9couvez Mon Actu\" rel=\"nofollow noopener\" data-trk=\"{&quot;cta&quot;:{&quot;action&quot;:&quot;https:\\\/\\\/moncompte.actu.fr&quot;,&quot;category&quot;:&quot;mon compte&quot;,&quot;from&quot;:&quot;article footer&quot;,&quot;name&quot;:&quot;Mon actu&quot;,&quot;type&quot;:&quot;cta&quot;}}\" target=\"_blank\">Mon Actu<\/a>.<\/p>\n","protected":false},"excerpt":{"rendered":"Par Julien Damboise Publi\u00e9 le 30 oct. 2025 \u00e0 11h26 INFO ACTU LYON. Un refus d\u2019obtemp\u00e9rer, suivi d\u2019une&hellip;\n","protected":false},"author":2,"featured_media":499806,"comment_status":"","ping_status":"","sticky":false,"template":"","format":"standard","meta":{"footnotes":""},"categories":[1889],"tags":[1111,11,2430,1777,674,118,1011,27,2428,12,5007,1072,2852,25],"class_list":{"0":"post-499805","1":"post","2":"type-post","3":"status-publish","4":"format-standard","5":"has-post-thumbnail","7":"category-lyon","8":"tag-actu","9":"tag-actualites","10":"tag-auvergne-rhone-alpes","11":"tag-eu","12":"tag-europe","13":"tag-faits-divers","14":"tag-fr","15":"tag-france","16":"tag-lyon","17":"tag-news","18":"tag-permis-de-conduire","19":"tag-police","20":"tag-refus-dobtemperer","21":"tag-republique-francaise"},"share_on_mastodon":{"url":"https:\/\/pubeurope.com\/@fr\/115462817861638082","error":""},"_links":{"self":[{"href":"https:\/\/www.europesays.com\/fr\/wp-json\/wp\/v2\/posts\/499805","targetHints":{"allow":["GET"]}}],"collection":[{"href":"https:\/\/www.europesays.com\/fr\/wp-json\/wp\/v2\/posts"}],"about":[{"href":"https:\/\/www.europesays.com\/fr\/wp-json\/wp\/v2\/types\/post"}],"author":[{"embeddable":true,"href":"https:\/\/www.europesays.com\/fr\/wp-json\/wp\/v2\/users\/2"}],"replies":[{"embeddable":true,"href":"https:\/\/www.europesays.com\/fr\/wp-json\/wp\/v2\/comments?post=499805"}],"version-history":[{"count":0,"href":"https:\/\/www.europesays.com\/fr\/wp-json\/wp\/v2\/posts\/499805\/revisions"}],"wp:featuredmedia":[{"embeddable":true,"href":"https:\/\/www.europesays.com\/fr\/wp-json\/wp\/v2\/media\/499806"}],"wp:attachment":[{"href":"https:\/\/www.europesays.com\/fr\/wp-json\/wp\/v2\/media?parent=499805"}],"wp:term":[{"taxonomy":"category","embeddable":true,"href":"https:\/\/www.europesays.com\/fr\/wp-json\/wp\/v2\/categories?post=499805"},{"taxonomy":"post_tag","embeddable":true,"href":"https:\/\/www.europesays.com\/fr\/wp-json\/wp\/v2\/tags?post=499805"}],"curies":[{"name":"wp","href":"https:\/\/api.w.org\/{rel}","templated":true}]}}