{"id":499807,"date":"2025-10-30T11:13:10","date_gmt":"2025-10-30T11:13:10","guid":{"rendered":"https:\/\/www.europesays.com\/fr\/499807\/"},"modified":"2025-10-30T11:13:10","modified_gmt":"2025-10-30T11:13:10","slug":"les-longicornes-des-petites-betes-a-decouvrir-en-ile-de-france","status":"publish","type":"post","link":"https:\/\/www.europesays.com\/fr\/499807\/","title":{"rendered":"Les longicornes, des petites b\u00eates \u00e0 d\u00e9couvrir en \u00cele-de-France"},"content":{"rendered":"\n<p style=\"margin-bottom: 0cm;\">L\u2019Agence r\u00e9gionale de la biodiversit\u00e9 d\u2019\u00cele-de-France (ARB \u00eedF) et l\u2019Office pour les insectes et leur environnement (Opie) viennent de publier l\u2019Atlas dynamique des Longicornes d\u2019\u00cele-de-France. C&rsquo;est le fruit de quatre ann\u00e9es de travail. L&rsquo;outil rassemble les connaissances sur 140 esp\u00e8ces pr\u00e9sentes en \u00cele-de-France. Des fiches d\u00e9taillent leur forme ou encore leurs habitats. L\u2019atlas s\u2019appuie sur pr\u00e8s de 30.000 observations valid\u00e9es fournies par environ 1.100 observateurs. D\u00e9couvrez ces insectes sur <a href=\"https:\/\/geonature.arb-idf.fr\/atlas\/espece\/184643\" rel=\"noopener\" target=\"_blank\">geonature.arb-idf.fr<\/a>. <\/p>\n<p lang=\"fr-FR\" style=\"margin-bottom: 0cm; font-style: normal; font-weight: normal;\">\u00a0<\/p>\n<p lang=\"fr-FR\" style=\"margin-bottom: 0cm; font-weight: normal;\">Nicolas Chacun <\/p>\n<p>!function(f,b,e,v,n,t,s){if(f.fbq)return;n=f.fbq=function(){n.callMethod?<br \/>\nn.callMethod.apply(n,arguments):n.queue.push(arguments)};if(!f._fbq)f._fbq=n;<br \/>\nn.push=n;n.loaded=!0;n.version=&rsquo;2.0&prime;;n.queue=[];t=b.createElement(e);t.async=!0;<br \/>\nt.src=v;s=b.getElementsByTagName(e)[0];s.parentNode.insertBefore(t,s)}(window,<br \/>\ndocument,&rsquo;script&rsquo;,&rsquo;https:\/\/connect.facebook.net\/en_US\/fbevents.js&rsquo;);<br \/>\nfbq(&lsquo;init&rsquo;, &lsquo;278974969201861&rsquo;); \/\/ Insert your pixel ID here.<br \/>\nfbq(&lsquo;track&rsquo;, &lsquo;PageView&rsquo;);<\/p>\n","protected":false},"excerpt":{"rendered":"L\u2019Agence r\u00e9gionale de la biodiversit\u00e9 d\u2019\u00cele-de-France (ARB \u00eedF) et l\u2019Office pour les insectes et leur environnement (Opie) viennent&hellip;\n","protected":false},"author":2,"featured_media":499808,"comment_status":"","ping_status":"","sticky":false,"template":"","format":"standard","meta":{"footnotes":""},"categories":[1592],"tags":[1111,11,1933,1936,1777,1939,674,1011,27,662,1934,12,1940,626,1935,25,1937,1941,1938],"class_list":{"0":"post-499807","1":"post","2":"type-post","3":"status-publish","4":"format-standard","5":"has-post-thumbnail","7":"category-ile-de-france","8":"tag-actu","9":"tag-actualites","10":"tag-actualites-locales","11":"tag-essonne","12":"tag-eu","13":"tag-eure-et-loir","14":"tag-europe","15":"tag-fr","16":"tag-france","17":"tag-ile-de-france","18":"tag-infos-locales","19":"tag-news","20":"tag-oise","21":"tag-paris","22":"tag-pres-de-chez-vous","23":"tag-republique-francaise","24":"tag-seine-et-marne","25":"tag-somme","26":"tag-yvelines"},"share_on_mastodon":{"url":"https:\/\/pubeurope.com\/@fr\/115462825855897503","error":""},"_links":{"self":[{"href":"https:\/\/www.europesays.com\/fr\/wp-json\/wp\/v2\/posts\/499807","targetHints":{"allow":["GET"]}}],"collection":[{"href":"https:\/\/www.europesays.com\/fr\/wp-json\/wp\/v2\/posts"}],"about":[{"href":"https:\/\/www.europesays.com\/fr\/wp-json\/wp\/v2\/types\/post"}],"author":[{"embeddable":true,"href":"https:\/\/www.europesays.com\/fr\/wp-json\/wp\/v2\/users\/2"}],"replies":[{"embeddable":true,"href":"https:\/\/www.europesays.com\/fr\/wp-json\/wp\/v2\/comments?post=499807"}],"version-history":[{"count":0,"href":"https:\/\/www.europesays.com\/fr\/wp-json\/wp\/v2\/posts\/499807\/revisions"}],"wp:featuredmedia":[{"embeddable":true,"href":"https:\/\/www.europesays.com\/fr\/wp-json\/wp\/v2\/media\/499808"}],"wp:attachment":[{"href":"https:\/\/www.europesays.com\/fr\/wp-json\/wp\/v2\/media?parent=499807"}],"wp:term":[{"taxonomy":"category","embeddable":true,"href":"https:\/\/www.europesays.com\/fr\/wp-json\/wp\/v2\/categories?post=499807"},{"taxonomy":"post_tag","embeddable":true,"href":"https:\/\/www.europesays.com\/fr\/wp-json\/wp\/v2\/tags?post=499807"}],"curies":[{"name":"wp","href":"https:\/\/api.w.org\/{rel}","templated":true}]}}