{"id":499819,"date":"2025-10-30T11:19:13","date_gmt":"2025-10-30T11:19:13","guid":{"rendered":"https:\/\/www.europesays.com\/fr\/499819\/"},"modified":"2025-10-30T11:19:13","modified_gmt":"2025-10-30T11:19:13","slug":"un-mort-et-des-coupures-delectricite-en-ukraine-a-la-suite-de-frappes-russes","status":"publish","type":"post","link":"https:\/\/www.europesays.com\/fr\/499819\/","title":{"rendered":"Un mort et des coupures d&rsquo;\u00e9lectricit\u00e9 en Ukraine \u00e0 la suite de frappes russes"},"content":{"rendered":"<p>Des bombardements russes dans la nuit de mercredi \u00e0 jeudi sur les infrastructures ukrainiennes ont priv\u00e9 d&rsquo;\u00e9lectricit\u00e9 une grande partie du pays. Ces frappes ont \u00e9galement tu\u00e9 une personne et fait plusieurs bless\u00e9s, selon les autorit\u00e9s.<\/p>\n<p>\u00ab\u00a0La Russie lance une nouvelle fois une attaque massive au missile et au drone contre les infrastructures \u00e9nerg\u00e9tiques ukrainiennes\u00a0\u00bb, a d\u00e9nonc\u00e9 la ministre ukrainienne de l&rsquo;Energie Svitlana Grintchouk sur les r\u00e9seaux sociaux.<\/p>\n<p>Les \u00e9quipements des centrales thermiques de plusieurs r\u00e9gions d&rsquo;Ukraine \u00ab\u00a0ont \u00e9t\u00e9 s\u00e9rieusement endommag\u00e9s\u00a0\u00bb, selon le fournisseur d&rsquo;\u00e9nergie DTEK, qui d\u00e9plore la \u00ab\u00a0troisi\u00e8me attaque massive contre ses centrales thermiques depuis octobre\u00a0\u00bb.<\/p>\n<p>L&rsquo;op\u00e9rateur \u00e9nerg\u00e9tique public Ukrenergo a d&rsquo;abord annonc\u00e9 des coupures de courant dans la plupart des r\u00e9gions du pays au petit matin, transform\u00e9es dans la matin\u00e9e en d\u00e9lestage pour r\u00e9tablir l&rsquo;\u00e9quilibre entre la production et la consommation du r\u00e9seau.<\/p>\n<p><strong class=\"inline-title\">&gt;&gt; Lire aussi\u00a0: <\/strong><a href=\"https:\/\/www.rts.ch\/info\/monde\/2025\/article\/la-guerre-energetique-russie-ukraine-impacts-et-enjeux-strategiques-29030037.html\" data-item-id=\"richtext_link\" rel=\"nofollow noopener\" target=\"_blank\">Comment l&rsquo;\u00e9nergie est devenue une arme strat\u00e9gique dans le conflit ukrainien<\/a><\/p>\n<p>Un mort \u00e0 Zaporijjia<\/p>\n<p>L&rsquo;attaque a aussi fait un mort et 17 bless\u00e9s, dont \u00ab\u00a0six enfants\u00a0\u00bb, dans la ville de Zaporijjia (sud-est), selon le chef de l&rsquo;administration militaire r\u00e9gionale.<\/p>\n<p>Une vid\u00e9o du lieu de la frappe partag\u00e9e par les services de secours ukrainiens montre un immeuble \u00e9ventr\u00e9 et des pompiers en train d&rsquo;intervenir pr\u00e8s d&rsquo;un crat\u00e8re jonch\u00e9 de gravats.<\/p>\n<p>Les bombardements ont par ailleurs bless\u00e9 cinq personnes, dont un enfant dans un \u00e9tat grave, dans la r\u00e9gion de Vinnystia (ouest), et une personne dans la r\u00e9gion de Kiev.<\/p>\n<p>Le minist\u00e8re russe de la D\u00e9fense a de son c\u00f4t\u00e9 d\u00e9clar\u00e9 avoir abattu 170 drones ukrainiens pendant la nuit, dont 48 dans la r\u00e9gion de Briansk, \u00e0 la fronti\u00e8re avec l&rsquo;Ukraine, et neuf dans la r\u00e9gion de Moscou, dont six se dirigeaient vers la capitale.<\/p>\n<p class=\"sources\">agences\/iar<\/p>\n","protected":false},"excerpt":{"rendered":"Des bombardements russes dans la nuit de mercredi \u00e0 jeudi sur les infrastructures ukrainiennes ont priv\u00e9 d&rsquo;\u00e9lectricit\u00e9 une&hellip;\n","protected":false},"author":2,"featured_media":499820,"comment_status":"","ping_status":"","sticky":false,"template":"","format":"standard","meta":{"footnotes":""},"categories":[1590],"tags":[11,834,4755,2120,3576,3983,36798,564,6359,62219,847,1777,674,131,3577,10357,74,12,220,28371],"class_list":{"0":"post-499819","1":"post","2":"type-post","3":"status-publish","4":"format-standard","5":"has-post-thumbnail","7":"category-ukraine","8":"tag-actualites","9":"tag-attaque","10":"tag-bombardement","11":"tag-conflit","12":"tag-conflit-arme","13":"tag-deces","14":"tag-desastres-et-accidents","15":"tag-drone","16":"tag-economie-et-finances","17":"tag-energie-et-ressources","18":"tag-enfant","19":"tag-eu","20":"tag-europe","21":"tag-guerre-en-ukraine","22":"tag-guerre-et-paix","23":"tag-infrastructure","24":"tag-monde","25":"tag-news","26":"tag-ukraine","27":"tag-zaporijjia"},"share_on_mastodon":{"url":"https:\/\/pubeurope.com\/@fr\/115462849693336620","error":""},"_links":{"self":[{"href":"https:\/\/www.europesays.com\/fr\/wp-json\/wp\/v2\/posts\/499819","targetHints":{"allow":["GET"]}}],"collection":[{"href":"https:\/\/www.europesays.com\/fr\/wp-json\/wp\/v2\/posts"}],"about":[{"href":"https:\/\/www.europesays.com\/fr\/wp-json\/wp\/v2\/types\/post"}],"author":[{"embeddable":true,"href":"https:\/\/www.europesays.com\/fr\/wp-json\/wp\/v2\/users\/2"}],"replies":[{"embeddable":true,"href":"https:\/\/www.europesays.com\/fr\/wp-json\/wp\/v2\/comments?post=499819"}],"version-history":[{"count":0,"href":"https:\/\/www.europesays.com\/fr\/wp-json\/wp\/v2\/posts\/499819\/revisions"}],"wp:featuredmedia":[{"embeddable":true,"href":"https:\/\/www.europesays.com\/fr\/wp-json\/wp\/v2\/media\/499820"}],"wp:attachment":[{"href":"https:\/\/www.europesays.com\/fr\/wp-json\/wp\/v2\/media?parent=499819"}],"wp:term":[{"taxonomy":"category","embeddable":true,"href":"https:\/\/www.europesays.com\/fr\/wp-json\/wp\/v2\/categories?post=499819"},{"taxonomy":"post_tag","embeddable":true,"href":"https:\/\/www.europesays.com\/fr\/wp-json\/wp\/v2\/tags?post=499819"}],"curies":[{"name":"wp","href":"https:\/\/api.w.org\/{rel}","templated":true}]}}