{"id":499822,"date":"2025-10-30T11:21:11","date_gmt":"2025-10-30T11:21:11","guid":{"rendered":"https:\/\/www.europesays.com\/fr\/499822\/"},"modified":"2025-10-30T11:21:11","modified_gmt":"2025-10-30T11:21:11","slug":"lazerbaidjan-et-le-royaume-uni-signent-un-plan-de-cooperation-en-matiere-de-defense-pour-2026-2027","status":"publish","type":"post","link":"https:\/\/www.europesays.com\/fr\/499822\/","title":{"rendered":"L&rsquo;Azerba\u00efdjan et le Royaume-Uni signent un plan de coop\u00e9ration en mati\u00e8re de d\u00e9fense pour 2026-2027"},"content":{"rendered":"<p>Un plan de coop\u00e9ration bilat\u00e9rale pour la p\u00e9riode 2026-2027 a \u00e9t\u00e9 sign\u00e9 entre les minist\u00e8res de la D\u00e9fense de l&rsquo;Azerba\u00efdjan et du Royaume-Uni, rapporte l&rsquo;<a href=\"https:\/\/apa.az\" class=\"hyperlink\" target=\"_blank\" rel=\"nofollow noopener\">APA<\/a>.<\/p>\n<p>L&rsquo;ambassade britannique en Azerba\u00efdjan a partag\u00e9 des photos et des informations relatives \u00e0 la c\u00e9r\u00e9monie de signature sur sa page officielle X.<\/p>\n<p>\u00ab Le Royaume-Uni est fier de son \u00e9troite coop\u00e9ration avec l&rsquo;Azerba\u00efdjan en mati\u00e8re de d\u00e9fense et de son r\u00f4le dans le partenariat strat\u00e9gique. Hier, le minist\u00e8re britannique de la D\u00e9fense et le minist\u00e8re de la D\u00e9fense de la R\u00e9publique d&rsquo;Azerba\u00efdjan ont sign\u00e9 le plan de coop\u00e9ration bilat\u00e9rale en mati\u00e8re de d\u00e9fense pour 2026-2027. Nous nous r\u00e9jouissons de travailler en \u00e9troite collaboration pour atteindre nos objectifs communs \u00bb, peut-on lire dans la publication.<\/p>\n<p>Il convient de noter qu&rsquo;apr\u00e8s la<a href=\"https:\/\/fr.apa.az\/politics\/le-royaume-uni-leve-completement-lembargo-sur-les-armes-a-destination-de-lazerbaidjan-et-de-larmenie-9958\" rel=\"nofollow noopener\" target=\"_blank\"> lev\u00e9e totale de l&#8217;embargo<\/a> sur les armes impos\u00e9 par le Royaume-Uni \u00e0 l&rsquo;Azerba\u00efdjan, de vastes opportunit\u00e9s de coop\u00e9ration en mati\u00e8re de d\u00e9fense se sont ouvertes entre les deux pays.<\/p>\n","protected":false},"excerpt":{"rendered":"Un plan de coop\u00e9ration bilat\u00e9rale pour la p\u00e9riode 2026-2027 a \u00e9t\u00e9 sign\u00e9 entre les minist\u00e8res de la D\u00e9fense&hellip;\n","protected":false},"author":2,"featured_media":499823,"comment_status":"","ping_status":"","sticky":false,"template":"","format":"standard","meta":{"footnotes":""},"categories":[1588],"tags":[11,15149,554,1777,674,12,473,1853,1851,1850,1852],"class_list":{"0":"post-499822","1":"post","2":"type-post","3":"status-publish","4":"format-standard","5":"has-post-thumbnail","7":"category-royaume-uni","8":"tag-actualites","9":"tag-azerbaidjan","10":"tag-defense","11":"tag-eu","12":"tag-europe","13":"tag-news","14":"tag-royaume-uni","15":"tag-royaume-uni-de-grande-bretagne-et-dirlande-du-nord","16":"tag-uk","17":"tag-united-kingdom","18":"tag-united-kingdom-of-great-britain-and-northern-ireland"},"share_on_mastodon":{"url":"https:\/\/pubeurope.com\/@fr\/115462857288000516","error":""},"_links":{"self":[{"href":"https:\/\/www.europesays.com\/fr\/wp-json\/wp\/v2\/posts\/499822","targetHints":{"allow":["GET"]}}],"collection":[{"href":"https:\/\/www.europesays.com\/fr\/wp-json\/wp\/v2\/posts"}],"about":[{"href":"https:\/\/www.europesays.com\/fr\/wp-json\/wp\/v2\/types\/post"}],"author":[{"embeddable":true,"href":"https:\/\/www.europesays.com\/fr\/wp-json\/wp\/v2\/users\/2"}],"replies":[{"embeddable":true,"href":"https:\/\/www.europesays.com\/fr\/wp-json\/wp\/v2\/comments?post=499822"}],"version-history":[{"count":0,"href":"https:\/\/www.europesays.com\/fr\/wp-json\/wp\/v2\/posts\/499822\/revisions"}],"wp:featuredmedia":[{"embeddable":true,"href":"https:\/\/www.europesays.com\/fr\/wp-json\/wp\/v2\/media\/499823"}],"wp:attachment":[{"href":"https:\/\/www.europesays.com\/fr\/wp-json\/wp\/v2\/media?parent=499822"}],"wp:term":[{"taxonomy":"category","embeddable":true,"href":"https:\/\/www.europesays.com\/fr\/wp-json\/wp\/v2\/categories?post=499822"},{"taxonomy":"post_tag","embeddable":true,"href":"https:\/\/www.europesays.com\/fr\/wp-json\/wp\/v2\/tags?post=499822"}],"curies":[{"name":"wp","href":"https:\/\/api.w.org\/{rel}","templated":true}]}}