{"id":499824,"date":"2025-10-30T11:22:12","date_gmt":"2025-10-30T11:22:12","guid":{"rendered":"https:\/\/www.europesays.com\/fr\/499824\/"},"modified":"2025-10-30T11:22:12","modified_gmt":"2025-10-30T11:22:12","slug":"un-germano-russe-condamne-a-six-ans-de-prison-pour-des-projets-de-sabotage-en-allemagne-actualites","status":"publish","type":"post","link":"https:\/\/www.europesays.com\/fr\/499824\/","title":{"rendered":"Un Germano-Russe condamn\u00e9 \u00e0 six ans de prison pour des projets de sabotage en Allemagne : Actualit\u00e9s"},"content":{"rendered":"<p class=\"lead \">Un Germano-Russe accus\u00e9 d&rsquo;avoir espionn\u00e9 pour le compte de Moscou et pr\u00e9par\u00e9 des actes de sabotages en Allemagne visant l&rsquo;aide fournie \u00e0 l&rsquo;Ukraine a \u00e9t\u00e9 condamn\u00e9 jeudi \u00e0 six ans de prison par un tribunal de Munich (sud), ses deux complices \u00e9copant de peines de prison avec sursis.<\/p>\n<p class=\"lead \">Depuis l&rsquo;invasion \u00e0 grande \u00e9chelle de l&rsquo;Ukraine en f\u00e9vrier 2022, Berlin est devenu \u00e0 la fois le plus important soutien europ\u00e9en de Kiev et une cible privil\u00e9gi\u00e9e d&rsquo;actes de sabotage, de campagnes de d\u00e9sinformation, d&rsquo;intimidation et d&rsquo;espionnage, une \u00ab\u00a0guerre hybride\u00a0\u00bb attribu\u00e9e au Kremlin. <\/p>\n<p class=\"lead \">La Russie d\u00e9ment syst\u00e9matiquement \u00eatre derri\u00e8re ces affaires et incidents. <\/p>\n<p class=\"lead \">Le principal suspect Dieter Schmidt, accus\u00e9 d&rsquo;avoir fait des rep\u00e9rages de cibles potentielles, a \u00e9t\u00e9 condamn\u00e9 pour activit\u00e9 de renseignement et \u00ab\u00a0appartenance \u00e0 un groupe terroriste \u00e0 l&rsquo;\u00e9tranger\u00a0\u00bb, a d\u00e9clar\u00e9 le juge.<\/p>\n<p class=\"lead \">Ce binational germano-russe a \u00e9chang\u00e9 des informations avec une personne li\u00e9e aux services de renseignement russes pendant plusieurs mois, \u00e0 partir d&rsquo;octobre 2023, en vue d&rsquo;\u00e9ventuels actes de sabotage.<\/p>\n<p class=\"lead \">Il a notamment transmis des photos et vid\u00e9os faites lors de rep\u00e9rages.<\/p>\n<p class=\"lead \">Accus\u00e9 d&rsquo;\u00eatre un ancien combattant d&rsquo;une milice arm\u00e9e s\u00e9paratiste prorusse dans l&rsquo;est de l&rsquo;Ukraine, entre d\u00e9cembre 2014 et ao\u00fbt 2016, Dieter Schmidt \u00e9tait pr\u00eat \u00e0 des attentats \u00e0 l&rsquo;explosif et des incendies contre des infrastructures utilis\u00e9es par l&rsquo;arm\u00e9e et des sites industriels ou encore des voies ferroviaires.<\/p>\n<p class=\"lead \">&#8211; Miner le soutien \u00e0 l&rsquo;Ukraine &#8211;<\/p>\n<p class=\"lead \">\u00ab\u00a0Il s&rsquo;est rendu \u00e0 la base militaire am\u00e9ricaine de Grafenw\u00f6hr (un site o\u00f9 sont form\u00e9s des soldats ukrainiens \u00e0 l&rsquo;utilisation de chars am\u00e9ricains Abrams, ndlr) pour r\u00e9cup\u00e9rer des informations sur l&rsquo;\u00e9quipement des troupes am\u00e9ricaines\u00a0\u00bb, a d\u00e9clar\u00e9 le juge.<\/p>\n<p class=\"lead \">Le parquet avait r\u00e9clam\u00e9 huit ans et huit mois de prison contre Dieter Schmidt, meneur du groupe dont les op\u00e9rations \u00e9taient destin\u00e9es \u00e0 \u00ab\u00a0miner le soutien militaire de l&rsquo;Allemagne \u00e0 l&rsquo;Ukraine\u00a0\u00bb. <\/p>\n<p class=\"lead \">Ses deux coaccus\u00e9s, Alexander J. et Alex D., \u00e9galement des Allemands d&rsquo;origine russe qui poss\u00e8dent les deux nationalit\u00e9s, ont \u00e9cop\u00e9 de peines de prison avec sursis: douze mois pour le premier, six mois pour le second.<\/p>\n<p class=\"lead \">Ils l&rsquo;ont aid\u00e9, au plus tard \u00e0 partir de mars 2024, dans l&rsquo;espionnage des diff\u00e9rentes cibles potentielles. Le parquet avait requis un an de prison avec sursis contre chacun des deux.<\/p>\n<p class=\"lead \">Les avocats des trois suspects avaient r\u00e9clam\u00e9 leur acquittement. <\/p>\n<p class=\"lead \">L&rsquo;Allemagne ne cesse d&rsquo;alerter sur la menace croissante que repr\u00e9sente la Russie pour elle et l&rsquo;Europe. <\/p>\n<p class=\"lead \">Comme ses voisins, Berlin a d\u00e9nonc\u00e9 une nouvelle escalade russe ces derni\u00e8res semaines, apr\u00e8s la multiplication de vols suspects de drones au-dessus d&rsquo;infrastructures, dont l&rsquo;a\u00e9roport de Munich d\u00e9but octobre. <\/p>\n<p class=\"lead \">&#8211; \u00ab\u00a0Agents jetables\u00a0\u00bb &#8211;<\/p>\n<p class=\"lead \">Les autorit\u00e9s veulent d\u00e9sormais autoriser la police \u00e0 abattre ou \u00e0 neutraliser \u00e9lectroniquement ces appareils. <\/p>\n<p class=\"lead \">Elles ont pr\u00e9vu de cr\u00e9er des centres pour des unit\u00e9s antidrones, et travaillent avec l&rsquo;Ukraine et Isra\u00ebl, pays particuli\u00e8rement exp\u00e9riment\u00e9s dans la lutte contre ces a\u00e9ronefs. <\/p>\n<p class=\"lead \">Depuis l&rsquo;invasion de f\u00e9vrier 2022, les affaires d&rsquo;espionnage se sont aussi multipli\u00e9es en Allemagne. <\/p>\n<p class=\"lead \">Un ancien agent secret allemand est jug\u00e9 depuis plus d&rsquo;un an \u00e0 Berlin pour avoir transmis des informations class\u00e9es secr\u00e8tes aux services de s\u00e9curit\u00e9 russes (FSB) \u00e0 l&rsquo;automne 2022.<\/p>\n<p class=\"lead \">Mi-mai, trois Ukrainiens ont \u00e9t\u00e9 interpell\u00e9s en Allemagne et en Suisse, soup\u00e7onn\u00e9s d&rsquo;avoir \u00e9t\u00e9 recrut\u00e9s par la Russie pour commettre des actes de sabotage \u00e0 l&rsquo;aide de colis pi\u00e9g\u00e9s visant le transport de marchandises. <\/p>\n<p class=\"lead \">Jeudi, un tribunal de Francfort a annonc\u00e9 que trois autres hommes &#8211; un Ukrainien, un Arm\u00e9nien et un Russe &#8211; seront jug\u00e9s \u00e0 partir de d\u00e9cembre pour espionnage au profit de Moscou. Ils sont accus\u00e9s d&rsquo;avoir suivi un ancien soldat ukrainien pour le compte des services de renseignement russes dans le cadre d&rsquo;un \u00e9ventuel complot d&rsquo;assassinat.<\/p>\n<p class=\"lead \">D\u00e9but septembre, le renseignement int\u00e9rieur et ext\u00e9rieur ainsi que le contre-espionnage militaire ont lanc\u00e9 une campagne d&rsquo;information sur les efforts de recrutement \u00ab\u00a0d&rsquo;agents jetables\u00a0\u00bb par les services secrets russes sur les r\u00e9seaux sociaux.<\/p>\n<p class=\"small font-weight-bold text-gray3 \"> publi\u00e9 le 30 octobre \u00e0 11h50, AFP<\/p>\n<p>                             Partager<\/p>\n","protected":false},"excerpt":{"rendered":"Un Germano-Russe accus\u00e9 d&rsquo;avoir espionn\u00e9 pour le compte de Moscou et pr\u00e9par\u00e9 des actes de sabotages en Allemagne&hellip;\n","protected":false},"author":2,"featured_media":499825,"comment_status":"","ping_status":"","sticky":false,"template":"","format":"standard","meta":{"footnotes":""},"categories":[1587],"tags":[11,672,1804,2120,271,1805,1803,4777,1777,674,1801,12,4780,1802,132,220],"class_list":{"0":"post-499824","1":"post","2":"type-post","3":"status-publish","4":"format-standard","5":"has-post-thumbnail","7":"category-allemagne","8":"tag-actualites","9":"tag-allemagne","10":"tag-bundesrepublik-deutschland","11":"tag-conflit","12":"tag-crime","13":"tag-de","14":"tag-deutschland","15":"tag-espionnage","16":"tag-eu","17":"tag-europe","18":"tag-germany","19":"tag-news","20":"tag-procs","21":"tag-republique-federale-dallemagne","22":"tag-russie","23":"tag-ukraine"},"share_on_mastodon":{"url":"https:\/\/pubeurope.com\/@fr\/115462861183910426","error":""},"_links":{"self":[{"href":"https:\/\/www.europesays.com\/fr\/wp-json\/wp\/v2\/posts\/499824","targetHints":{"allow":["GET"]}}],"collection":[{"href":"https:\/\/www.europesays.com\/fr\/wp-json\/wp\/v2\/posts"}],"about":[{"href":"https:\/\/www.europesays.com\/fr\/wp-json\/wp\/v2\/types\/post"}],"author":[{"embeddable":true,"href":"https:\/\/www.europesays.com\/fr\/wp-json\/wp\/v2\/users\/2"}],"replies":[{"embeddable":true,"href":"https:\/\/www.europesays.com\/fr\/wp-json\/wp\/v2\/comments?post=499824"}],"version-history":[{"count":0,"href":"https:\/\/www.europesays.com\/fr\/wp-json\/wp\/v2\/posts\/499824\/revisions"}],"wp:featuredmedia":[{"embeddable":true,"href":"https:\/\/www.europesays.com\/fr\/wp-json\/wp\/v2\/media\/499825"}],"wp:attachment":[{"href":"https:\/\/www.europesays.com\/fr\/wp-json\/wp\/v2\/media?parent=499824"}],"wp:term":[{"taxonomy":"category","embeddable":true,"href":"https:\/\/www.europesays.com\/fr\/wp-json\/wp\/v2\/categories?post=499824"},{"taxonomy":"post_tag","embeddable":true,"href":"https:\/\/www.europesays.com\/fr\/wp-json\/wp\/v2\/tags?post=499824"}],"curies":[{"name":"wp","href":"https:\/\/api.w.org\/{rel}","templated":true}]}}