{"id":499826,"date":"2025-10-30T11:23:12","date_gmt":"2025-10-30T11:23:12","guid":{"rendered":"https:\/\/www.europesays.com\/fr\/499826\/"},"modified":"2025-10-30T11:23:12","modified_gmt":"2025-10-30T11:23:12","slug":"leurope-boursiere-dans-le-rouge-apres-une-salve-de-resultats-la-bce-en-ligne-de-mire-30-10-2025-a-1205","status":"publish","type":"post","link":"https:\/\/www.europesays.com\/fr\/499826\/","title":{"rendered":"L&rsquo;Europe boursi\u00e8re dans le rouge apr\u00e8s une salve de r\u00e9sultats ; la BCE en ligne de mire &#8211; 30\/10\/2025 \u00e0 12:05"},"content":{"rendered":"<p>\n (AOF) &#8211; Les march\u00e9s europ\u00e9ens \u00e9voluent en territoire n\u00e9gatif, happ\u00e9s par une avalanche de r\u00e9sultats. Alors que le patron de la Fed a indiqu\u00e9 qu&rsquo;une nouvelle baisse de taux en d\u00e9cembre est \u00ab\u00a0loin\u00a0\u00bb d&rsquo;\u00eatre acquise, les investisseurs vont scruter la d\u00e9cision de la BCE. T\u00f4t ce matin, la Banque du Japon a laiss\u00e9 ses taux d&rsquo;int\u00e9r\u00eat inchang\u00e9s. Cette actualit\u00e9 charg\u00e9e s&rsquo;ajoute \u00e0 la rencontre entre Trump et Xi Jinping scellant une tr\u00eave dans leur guerre commerciale. Stellantis et R\u00e9my Cointreau sont sous pression \u00e0 l&rsquo;inverse d&rsquo;Airbus. Le CAC 40  c\u00e8de 0,71% \u00e0 8142 points et l&rsquo;EuroStoxx 50 0,36% \u00e0 5685 points.\n<\/p>\n<p>\n En Europe,<br \/>\n <strong><br \/>\n  WPP<br \/>\n <\/strong><br \/>\n d\u00e9visse de 12,20% \u00e0 316,60 pence, sur la place londonienne dans le sillage d&rsquo;un nouvel avertissement apr\u00e8s celui d\u00e9j\u00e0 lanc\u00e9 le 9 juillet dernier. Le groupe a touch\u00e9 ce matin son plus bas historique en Bourse depuis octobre 2008. Dans son sillage, \u00e0 Paris, Publicis recule de 1,92%, \u00e0 85,66 euros. Au troisi\u00e8me trimestre, le groupe publicitaire britannique a essuy\u00e9 un repli plus important que pr\u00e9vu de son chiffres d&rsquo;affaires (-5,9%), \u00e0 3,26 milliards de livres sterling, apr\u00e8s avoir \u00e9t\u00e9 p\u00e9nalis\u00e9 par une forte baisse de performance de son agence phare, WPP Media.\n<\/p>\n<p>\n A Paris,<br \/>\n <strong><br \/>\n  Stellantis<br \/>\n <\/strong><br \/>\n (-5,03%, \u00e0 9,213 euros) est d\u00e9laiss\u00e9 apr\u00e8s la publication d\u2019un chiffre d\u2019affaires pourtant en tr\u00e8s nette am\u00e9lioration. Sur la p\u00e9riode de juillet \u00e0 septembre, le constructeur automobile multi-marques a g\u00e9n\u00e9r\u00e9 37,2 milliards d\u2019euros de revenus nets, en hausse de 13% par rapport au troisi\u00e8me trimestre 2024. La r\u00e9action n\u00e9gative du titre est li\u00e9e au fait que cette annonce n\u2019est pas une grande surprise. Que ce soit chez RBC Capital, Oddo BHF ou Jefferies, les analystes \u00e9voquent un chiffre d\u2019affaires globalement conforme aux attentes.\n<\/p>\n<p>\n <strong><br \/>\n  R\u00e9my Cointreau<br \/>\n <\/strong><br \/>\n (-7,37% \u00e0 43,48 euros) ferme la marche de l&rsquo;indice SBF 120 apr\u00e8s avoir r\u00e9duit ses objectifs annuels de chiffre d&rsquo;affaires et de b\u00e9n\u00e9fice op\u00e9rationnel. Le groupe a publi\u00e9 une baisse plus importante que pr\u00e9vu de son chiffre d&rsquo;affaires de 11% \u00e0 268,8 millions d&rsquo;euros au titre de son deuxi\u00e8me trimestre, contre 316,7 millions d&rsquo;euros un an plus t\u00f4t et un consensus de 273,3 millions. Le groupe anticipe d\u00e9sormais une croissance organique de son chiffre d&rsquo;affaires comprise entre 0 et 4% contre 4 \u00e0 6% pr\u00e9c\u00e9demment. L&rsquo;objectif de r\u00e9sultat op\u00e9rationnel courant (ROC) pour 2025\/26 a lui aussi \u00e9t\u00e9 r\u00e9duit apr\u00e8s un rel\u00e8vement fin ao\u00fbt. R\u00e9my Cointreau anticipe d\u00e9sormais un repli de 11 \u00e0 15% contre une croissance autour de 5% pr\u00e9c\u00e9demment.\n<\/p>\n<p>\n <strong><br \/>\n  Les chiffres macro\u00e9conomiques du jour<br \/>\n <\/strong>\n<\/p>\n<p>\n En septembre, le taux de ch\u00f4mage corrig\u00e9 des variations saisonni\u00e8res de la zone euro \u00e9tait de 6,3%, stable par rapport aux taux enregistr\u00e9s en ao\u00fbt 2025 et en septembre 2024. Le taux de ch\u00f4mage de l&rsquo;Union europ\u00e9enne \u00e9tait de 6% en septembre 2025, \u00e9galement stable par rapport au taux enregistr\u00e9 en ao\u00fbt 2025 et en hausse par rapport au taux de 5,9% enregistr\u00e9 en septembre 2024. Ces chiffres sont publi\u00e9s par Eurostat, l&rsquo;office statistique de l&rsquo;Union europ\u00e9enne.\n<\/p>\n<p>\n Au cours du troisi\u00e8me trimestre, le PIB corrig\u00e9 des variations saisonni\u00e8res a augment\u00e9 de 0,2% dans la zone euro et de 0,3% dans l&rsquo;Union europ\u00e9enne, par rapport au trimestre pr\u00e9c\u00e9dent, selon l&rsquo;estimation rapide pr\u00e9liminaire publi\u00e9e par Eurostat, l&rsquo;office statistique de l&rsquo;Union europ\u00e9enne. Au cours du deuxi\u00e8me trimestre 2025, le PIB avait augment\u00e9 de 0,1% dans la zone euro et de 0,2% dans l&rsquo;UE.\n<\/p>\n<p>\n En Allemagne, le taux de ch\u00f4mage s&rsquo;\u00e9l\u00e8ve \u00e0 6,3% en octobre, conform\u00e9ment aux pr\u00e9visions, apr\u00e8s 6,3% en septembre.\n<\/p>\n<p>\n Le PIB en France acc\u00e9l\u00e8re au troisi\u00e8me trimestre 2025 : il progresse de 0,5 %, apr\u00e8s +0,3 % au trimestre pr\u00e9c\u00e9dent, indique l&rsquo;Insee. Les analystes tablaient sur une hausse de 0,2%.\n<\/p>\n<p>\n En septembre, les d\u00e9penses de consommation des m\u00e9nages en biens en France augmentent de nouveau sur un mois (+0,3 % en volume, apr\u00e8s +0,2 % en ao\u00fbt 2025 \u2013 donn\u00e9es r\u00e9vis\u00e9es), fait savoir l&rsquo;Insee. La consommation d&rsquo;\u00e9nergie repart \u00e0 la hausse (+0,5 %, apr\u00e8s -0,1 %), comme la consommation alimentaire (+0,2 % apr\u00e8s -0,1 %), tandis que la consommation de biens fabriqu\u00e9s ralentit (+0,3 %, apr\u00e8s +0,5 %).\n<\/p>\n<p>\n L&rsquo;inflation en octobre en Allemagne sera publi\u00e9e \u00e0 14h00.\n<\/p>\n<p>\n La d\u00e9cision de politique mon\u00e9taire de la BCE sera rendue \u00e0 14h15.\n<\/p>\n<p>\n Aux Etats-Unis, les stocks de gaz naturel seront annonc\u00e9s \u00e0 15h30\n<\/p>\n<p>\n A la mi-s\u00e9ance, l&rsquo;euro progresse de 0,09% \u00e0 1,16165 dollar.<\/p>\n","protected":false},"excerpt":{"rendered":"(AOF) &#8211; Les march\u00e9s europ\u00e9ens \u00e9voluent en territoire n\u00e9gatif, happ\u00e9s par une avalanche de r\u00e9sultats. Alors que le&hellip;\n","protected":false},"author":2,"featured_media":8061,"comment_status":"","ping_status":"","sticky":false,"template":"","format":"standard","meta":{"footnotes":""},"categories":[1586],"tags":[400,11,398,408,405,1777,674,1011,27,403,402,399,404,12,25,401,406,407],"class_list":{"0":"post-499826","1":"post","2":"type-post","3":"status-publish","4":"format-standard","5":"has-post-thumbnail","7":"category-europe","8":"tag-action-cac-40","9":"tag-actualites","10":"tag-bourse-de-paris","11":"tag-boursorama","12":"tag-cotations","13":"tag-eu","14":"tag-europe","15":"tag-fr","16":"tag-france","17":"tag-indices-devises","18":"tag-investir","19":"tag-investissement","20":"tag-marche-boursier","21":"tag-news","22":"tag-republique-francaise","23":"tag-sicav","24":"tag-trackers","25":"tag-warrants"},"share_on_mastodon":{"url":"https:\/\/pubeurope.com\/@fr\/115462865206616618","error":""},"_links":{"self":[{"href":"https:\/\/www.europesays.com\/fr\/wp-json\/wp\/v2\/posts\/499826","targetHints":{"allow":["GET"]}}],"collection":[{"href":"https:\/\/www.europesays.com\/fr\/wp-json\/wp\/v2\/posts"}],"about":[{"href":"https:\/\/www.europesays.com\/fr\/wp-json\/wp\/v2\/types\/post"}],"author":[{"embeddable":true,"href":"https:\/\/www.europesays.com\/fr\/wp-json\/wp\/v2\/users\/2"}],"replies":[{"embeddable":true,"href":"https:\/\/www.europesays.com\/fr\/wp-json\/wp\/v2\/comments?post=499826"}],"version-history":[{"count":0,"href":"https:\/\/www.europesays.com\/fr\/wp-json\/wp\/v2\/posts\/499826\/revisions"}],"wp:featuredmedia":[{"embeddable":true,"href":"https:\/\/www.europesays.com\/fr\/wp-json\/wp\/v2\/media\/8061"}],"wp:attachment":[{"href":"https:\/\/www.europesays.com\/fr\/wp-json\/wp\/v2\/media?parent=499826"}],"wp:term":[{"taxonomy":"category","embeddable":true,"href":"https:\/\/www.europesays.com\/fr\/wp-json\/wp\/v2\/categories?post=499826"},{"taxonomy":"post_tag","embeddable":true,"href":"https:\/\/www.europesays.com\/fr\/wp-json\/wp\/v2\/tags?post=499826"}],"curies":[{"name":"wp","href":"https:\/\/api.w.org\/{rel}","templated":true}]}}