{"id":499835,"date":"2025-10-30T11:28:17","date_gmt":"2025-10-30T11:28:17","guid":{"rendered":"https:\/\/www.europesays.com\/fr\/499835\/"},"modified":"2025-10-30T11:28:17","modified_gmt":"2025-10-30T11:28:17","slug":"patrick-reed-revient-sur-son-59-a-hong-kong-en-2024-et-cetait-loin-detre-gagne","status":"publish","type":"post","link":"https:\/\/www.europesays.com\/fr\/499835\/","title":{"rendered":"Patrick Reed revient sur son 59 \u00e0 Hong Kong en 2024. Et c&rsquo;\u00e9tait loin d&rsquo;\u00eatre gagn\u00e9"},"content":{"rendered":"<p>\t\t\t\t\t\t<img width=\"770\" height=\"556\" src=\"https:\/\/www.europesays.com\/fr\/wp-content\/uploads\/2025\/05\/patrick-reed-770x556.jpg\" class=\"img-responsive wp-post-image\" alt=\"Patrick Reed Photo by David Cannon\/Getty Images\" decoding=\"async\" fetchpriority=\"high\"  \/>\t\t\t\t\t<\/p>\n<p>\t\t\t\t\t\t Partager cet article <\/p>\n<p class=\"screen-reader-text juiz_sps_maybe_hidden_text\">Partager la publication \u00ab\u00a0Patrick Reed revient sur son 59 \u00e0 Hong Kong en 2024. Et c\u2019\u00e9tait loin d\u2019\u00eatre gagn\u00e9\u00a0\u00bb<\/p>\n<p><strong>Tenant du titre du Link Hong Kong Open (Asian Tour) qui permettra \u00e0 son vainqueur cette semaine de valider un ticket pour le prochain Masters d\u2019Augusta et pour The Open au Royal Birkdale, Patrick Reed est revenu sur son \u00ab\u00a0historique\u00a0\u00bb 59 de l\u2019an pass\u00e9 lors du 3e tour, le pla\u00e7ant id\u00e9alement sur la route de la victoire 24 heures plus tard. Un exploit aussi improbable qu\u2019inattendu selon l\u2019Am\u00e9ricain, auteur d\u2019un \u00e9chauffement \u00ab\u00a0catastrophique\u00a0\u00bb au practice avant de s\u2019\u00e9lancer sur le parcours.\u00a0<\/strong><\/p>\n<p>\t\t\t\t\t<a id=\"186378\" href=\"https:\/\/www.garmin.com\/fr-FR\/c\/sports-fitness\/golf-gps-devices-smartwatches\/\" target=\"_blank\" rel=\"sponsorised nofollow noopener\"><img decoding=\"async\" src=\"data:image\/svg+xml,%3Csvg%20xmlns=\" http:=\"\" class=\"img-responsive\" alt=\"\" data-lazy-src=\"https:\/\/www.europesays.com\/fr\/wp-content\/uploads\/2025\/06\/garmin-e01-serie-approach-1170x275-1.jpeg\"\/><\/a><\/p>\n<p>Il fait partie des 29 joueurs du <strong>LIV Golf<\/strong> pr\u00e9sents cette semaine au <strong>Link Hong Kong Open<\/strong>, un <strong>International Series<\/strong> \u00e0 2 millions de dollars de dotation. <strong>Patrick Reed<\/strong>, tenant du titre, est revenu sur son incroyable 3e tour en 2024 qui l\u2019avait vu claquer onze birdies et signer une carte mythique de 59. Qui n\u2019avait pourtant pas \u00e9t\u00e9 \u00ab\u00a0comptabilis\u00e9e\u00a0\u00bb puisque les joueurs avaient \u00e9t\u00e9 autoris\u00e9s \u00e0 placer la balle sur les fairways durant le tournoi.\u00a0<\/p>\n<p>L\u2019Am\u00e9ricain \u00e0 la r\u00e9putation \u00f4 combien sulfureuse a avou\u00e9 \u00e0 nos confr\u00e8res de Bunkered.co.uk que cet \u00ab\u00a0exploit\u00a0\u00bb n\u2019aurait jamais d\u00fb avoir lieu.\u00a0<\/p>\n<blockquote class=\"twitter-tweet\"><p>&#13;<\/p>\n<p dir=\"ltr\" lang=\"zh\">Patrick Reed gets quizzed on his 2024 win and THAT 5\ufe0f\u20e39\ufe0f\u20e3<\/p>\n<p>\u5514\u77e5\u5217\u7279\u4ef2\u8a18\u5514\u8a18\u5f97\u55ba\u300c\u9818\u5c55\u9999\u6e2f\u9ad8\u723e\u592b\u7403\u516c\u958b\u8cfd2024\u300d\u596a\u51a0\u5605\u7cbe\u5f69\u7d30\u7bc0\uff0c\u540c\u57cb\u4f62\u6253\u51fa\u50b3\u59475\ufe0f\u20e39\ufe0f\u20e3\u687f\u5605\u96e3\u5fd8\u4e00\u523b\uff1f<a href=\"https:\/\/twitter.com\/hashtag\/LinkHKO2025?src=hash&amp;ref_src=twsrc%5Etfw\" rel=\"nofollow noopener\" target=\"_blank\">#LinkHKO2025<\/a> <a href=\"https:\/\/twitter.com\/hashtag\/OpenForAll?src=hash&amp;ref_src=twsrc%5Etfw\" rel=\"nofollow noopener\" target=\"_blank\">#OpenForAll<\/a> <a href=\"https:\/\/t.co\/00AF0Yo2Bc\" rel=\"nofollow\">pic.twitter.com\/00AF0Yo2Bc<\/a><\/p>\n<p>&#13;<br \/>\n&#13;<br \/>\n\u2014 Hong Kong Open (@TheHKOpen) <a href=\"https:\/\/twitter.com\/TheHKOpen\/status\/1983703168388301197?ref_src=twsrc%5Etfw\" rel=\"nofollow noopener\" target=\"_blank\">October 30, 2025<\/a><\/p><\/blockquote>\n<p>&#13;<br \/>\n\u00ab L\u2019\u00e9chauffement au practice avait \u00e9t\u00e9 catastrophique, souligne le vainqueur du <strong>Masters 2018<\/strong>. C\u2019\u00e9tait tellement mauvais que mon beau-fr\u00e8re (Ndlr, <strong>Kessler Karain<\/strong>), qui est mon caddie, m\u2019a dit : \u00a0\u00bb \u00c9coute, tu sais, certains de tes meilleurs coups de golf sont dus \u00e0 de mauvais \u00e9chauffements. Essaie de voir les choses sous cet angle.\u00a0\u00bb Et quand je suis arriv\u00e9 sur le premier tee, tout s\u2019est encha\u00een\u00e9 parfaitement. \u00bb<\/p>\n<blockquote><p>&#13;<br \/>\nTout s\u2019est encha\u00een\u00e9 naturellement, mais, vraiment, je ne m\u2019attendais absolument pas \u00e0 \u00e7a. Je pensais que la journ\u00e9e serait difficile. &#13;<br \/>\n&#13;<br \/>\nPatrick Reed<\/p><\/blockquote>\n<p>\u00ab C\u2019est bizarre, parfois, quand mon \u00e9chauffement est mauvais, une fois au d\u00e9part, je me concentre davantage sur ce que je dois faire, et mes objectifs deviennent encore plus pr\u00e9cis, ajoute-t-il. Je suis vraiment \u00e0 fond. L\u00e0, j\u2019ai r\u00e9ussi deux superbes coups et j\u2019ai fait birdie d\u00e8s le 1. Tout s\u2019est encha\u00een\u00e9 naturellement, mais, vraiment, je ne m\u2019attendais absolument pas \u00e0 \u00e7a. Je pensais que la journ\u00e9e serait difficile. \u00bb<\/p>\n<p>Apr\u00e8s l\u2019<strong>Asian Tour<\/strong> cette semaine, Patrick Reed sera \u00e0 Abu Dhabi pour le premier des deux tournois des <strong>Playoffs du DP World Tour<\/strong>, l\u2019<strong>Abu Dhabi HSBC Championship<\/strong> (6-9 novembre). Membre \u00e0 vie du Tour europ\u00e9en, il occupe pour l\u2019instant la <a href=\"https:\/\/www.europeantour.com\/dpworld-tour\/rankings\/overview\/rankings\/\" target=\"_blank\" rel=\"noopener nofollow\">22e place de la Race to Duba\u00ef<\/a>.\u00a0<\/p>\n<p>\t\t\t\t\t<a id=\"187759\" href=\"https:\/\/leclub-golf.com\/fr\/private-card\/offre-15-mois-carte-classic?utm_source=golf+planete&amp;utm_medium=referral&amp;utm_campaign=15+mois+offerts+classic&amp;utm_id=15+mois+offerts+classic__golf+planete_referral_banner\" target=\"_blank\" rel=\"sponsorised nofollow noopener\"><img decoding=\"async\" src=\"data:image\/svg+xml,%3Csvg%20xmlns=\" http:=\"\" class=\"img-responsive\" alt=\"\" data-lazy-src=\"https:\/\/www.europesays.com\/fr\/wp-content\/uploads\/2025\/09\/leclubgolf-e12-douceur-automne-1170x275-1.jpg\"\/><\/a><\/p>\n<p>Photo : David Cannon\/Getty Images<\/p>\n<p>\t\t\t<script async src=\"https:\/\/platform.twitter.com\/widgets.js\" charset=\"utf-8\"><\/script><\/p>\n","protected":false},"excerpt":{"rendered":"Partager cet article Partager la publication \u00ab\u00a0Patrick Reed revient sur son 59 \u00e0 Hong Kong en 2024. Et&hellip;\n","protected":false},"author":2,"featured_media":66286,"comment_status":"","ping_status":"","sticky":false,"template":"","format":"standard","meta":{"footnotes":""},"categories":[1418],"tags":[1011,27,1472,60],"class_list":{"0":"post-499835","1":"post","2":"type-post","3":"status-publish","4":"format-standard","5":"has-post-thumbnail","7":"category-golf","8":"tag-fr","9":"tag-france","10":"tag-golf","11":"tag-sports"},"share_on_mastodon":{"url":"https:\/\/pubeurope.com\/@fr\/115462884854090893","error":""},"_links":{"self":[{"href":"https:\/\/www.europesays.com\/fr\/wp-json\/wp\/v2\/posts\/499835","targetHints":{"allow":["GET"]}}],"collection":[{"href":"https:\/\/www.europesays.com\/fr\/wp-json\/wp\/v2\/posts"}],"about":[{"href":"https:\/\/www.europesays.com\/fr\/wp-json\/wp\/v2\/types\/post"}],"author":[{"embeddable":true,"href":"https:\/\/www.europesays.com\/fr\/wp-json\/wp\/v2\/users\/2"}],"replies":[{"embeddable":true,"href":"https:\/\/www.europesays.com\/fr\/wp-json\/wp\/v2\/comments?post=499835"}],"version-history":[{"count":0,"href":"https:\/\/www.europesays.com\/fr\/wp-json\/wp\/v2\/posts\/499835\/revisions"}],"wp:featuredmedia":[{"embeddable":true,"href":"https:\/\/www.europesays.com\/fr\/wp-json\/wp\/v2\/media\/66286"}],"wp:attachment":[{"href":"https:\/\/www.europesays.com\/fr\/wp-json\/wp\/v2\/media?parent=499835"}],"wp:term":[{"taxonomy":"category","embeddable":true,"href":"https:\/\/www.europesays.com\/fr\/wp-json\/wp\/v2\/categories?post=499835"},{"taxonomy":"post_tag","embeddable":true,"href":"https:\/\/www.europesays.com\/fr\/wp-json\/wp\/v2\/tags?post=499835"}],"curies":[{"name":"wp","href":"https:\/\/api.w.org\/{rel}","templated":true}]}}