{"id":499839,"date":"2025-10-30T11:35:10","date_gmt":"2025-10-30T11:35:10","guid":{"rendered":"https:\/\/www.europesays.com\/fr\/499839\/"},"modified":"2025-10-30T11:35:10","modified_gmt":"2025-10-30T11:35:10","slug":"jonathan-lastra-quitte-cofidis-et-signe-en-espagne-actualite","status":"publish","type":"post","link":"https:\/\/www.europesays.com\/fr\/499839\/","title":{"rendered":"Jonathan Lastra quitte Cofidis et signe en Espagne &#8211; Actualit\u00e9"},"content":{"rendered":"<p style=\"text-align: justify;\">Jonathan Lastra n\u2019\u00e9voluera plus dans l\u2019\u00e9quipe Cofidis en 2026. L\u2019Espagnol, qui a pass\u00e9 trois ann\u00e9es dans la WorldTeam fran\u00e7aise, s\u2019est engag\u00e9 avec Euskaltel-Euskadi.<\/p>\n<p>Le coureur de 32 ans a termin\u00e9 cette ann\u00e9e 11e du Tour de Castille et L\u00e9on (1.1), 16e d\u2019Eschborn-Francfort (1.UWT), 18e d\u2019une \u00e9tape de la Route d&rsquo;Occitanie (2.1), 19e d\u2019une \u00e9tape du Tour d&rsquo;Italie (2.UWT), 21e du Troph\u00e9e Matteotti (1.1), 22e du Tour du Limousin-P\u00e9rigord-Nouvelle Aquitaine (2.1) et de la Polynormande (1.1).<\/p>\n<p>Retrouvez tous les transferts de l&rsquo;intersaison 2025-2026\u00a0<strong><a href=\"https:\/\/www.directvelo.com\/mutations\" target=\"_blank\" rel=\"noopener\">en cliquant ici<\/a><\/strong>.\u00a0<\/p>\n","protected":false},"excerpt":{"rendered":"Jonathan Lastra n\u2019\u00e9voluera plus dans l\u2019\u00e9quipe Cofidis en 2026. L\u2019Espagnol, qui a pass\u00e9 trois ann\u00e9es dans la WorldTeam&hellip;\n","protected":false},"author":2,"featured_media":499840,"comment_status":"","ping_status":"","sticky":false,"template":"","format":"standard","meta":{"footnotes":""},"categories":[1411],"tags":[834,828,836,829,837,827,83,826,824,823,1154,207,814,817,815,816,822,821,832,211,839,1011,27,820,818,819,835,831,830,833,838,60,212,208,825],"class_list":{"0":"post-499839","1":"post","2":"type-post","3":"status-publish","4":"format-standard","5":"has-post-thumbnail","7":"category-cyclisme","8":"tag-attaque","9":"tag-belgique","10":"tag-braquet","11":"tag-bretagne","12":"tag-chute","13":"tag-competition","14":"tag-coupe-de-france","15":"tag-coureur","16":"tag-course-cyclisme","17":"tag-course-cycliste","18":"tag-cycling","19":"tag-cyclisme","20":"tag-direct","21":"tag-direct-velo","22":"tag-directvelo","23":"tag-directvelo-com","24":"tag-epreuve","25":"tag-epreuve-cycliste","26":"tag-federation-francaise-de-cyclisme","27":"tag-ffc","28":"tag-flandres","29":"tag-fr","30":"tag-france","31":"tag-live","32":"tag-live-course","33":"tag-live-epreuve","34":"tag-peloton","35":"tag-radio-peloton","36":"tag-radio-tour","37":"tag-ravitaillement","38":"tag-relance","39":"tag-sports","40":"tag-uci","41":"tag-velo","42":"tag-velos"},"share_on_mastodon":{"url":"https:\/\/pubeurope.com\/@fr\/115462912425992270","error":""},"_links":{"self":[{"href":"https:\/\/www.europesays.com\/fr\/wp-json\/wp\/v2\/posts\/499839","targetHints":{"allow":["GET"]}}],"collection":[{"href":"https:\/\/www.europesays.com\/fr\/wp-json\/wp\/v2\/posts"}],"about":[{"href":"https:\/\/www.europesays.com\/fr\/wp-json\/wp\/v2\/types\/post"}],"author":[{"embeddable":true,"href":"https:\/\/www.europesays.com\/fr\/wp-json\/wp\/v2\/users\/2"}],"replies":[{"embeddable":true,"href":"https:\/\/www.europesays.com\/fr\/wp-json\/wp\/v2\/comments?post=499839"}],"version-history":[{"count":0,"href":"https:\/\/www.europesays.com\/fr\/wp-json\/wp\/v2\/posts\/499839\/revisions"}],"wp:featuredmedia":[{"embeddable":true,"href":"https:\/\/www.europesays.com\/fr\/wp-json\/wp\/v2\/media\/499840"}],"wp:attachment":[{"href":"https:\/\/www.europesays.com\/fr\/wp-json\/wp\/v2\/media?parent=499839"}],"wp:term":[{"taxonomy":"category","embeddable":true,"href":"https:\/\/www.europesays.com\/fr\/wp-json\/wp\/v2\/categories?post=499839"},{"taxonomy":"post_tag","embeddable":true,"href":"https:\/\/www.europesays.com\/fr\/wp-json\/wp\/v2\/tags?post=499839"}],"curies":[{"name":"wp","href":"https:\/\/api.w.org\/{rel}","templated":true}]}}