{"id":49984,"date":"2025-04-24T20:03:09","date_gmt":"2025-04-24T20:03:09","guid":{"rendered":"https:\/\/www.europesays.com\/fr\/49984\/"},"modified":"2025-04-24T20:03:09","modified_gmt":"2025-04-24T20:03:09","slug":"romans-sur-isere-le-grand-bal-avec-la-compagnie-dyptik-le-30-avril","status":"publish","type":"post","link":"https:\/\/www.europesays.com\/fr\/49984\/","title":{"rendered":"Romans-sur-Is\u00e8re. Le Grand Bal avec la compagnie Dyptik, le 30\u00a0avril"},"content":{"rendered":"<p>La compagnie Dyptik a \u00e9t\u00e9 cr\u00e9\u00e9e en 2012, elle est install\u00e9e \u00e0 Saint-\u00c9tienne. Les fondateurs Souhail Marchiche et Mehdi Meghari ont d\u00e9couvert la danse hip-hop s\u00e9par\u00e9ment. Ils \u201cbreakaient et battlaient\u201d en collectif puis se sont rep\u00e9r\u00e9s et sont entr\u00e9s en compagnonnage. Ils portent un hip-hop au langage pluriel avec toujours en ligne de mire l\u2019\u00e9change, le partage, la remise en question. La pi\u00e8ce qu\u2019ils proposent \u00e0 Romans-sur-Is\u00e8re, Le Grand Bal , dans le cadre du festival Danse au fil d\u2019avril, a \u00e9t\u00e9 cr\u00e9\u00e9e \u00e0 l\u2019occasion de la 20e \u00e9dition de la Biennale de la danse de Lyon. Elle r\u00e9pand une myst\u00e9rieuse fi\u00e8vre chor\u00e9graphique qui fait vibrer dix danseurs et danseuses urbains. Une mani\u00e8re de remettre en mouvement les corps immobilis\u00e9s par les crises contemporaines.<\/p>\n<p class=\"note\">Mercredi 30\u00a0avril\u00a0\u00e0 20\u00a0h \u00e0 la salle des Cordeliers. Tarifs\u00a0: 29\/22\u00a0\u20ac. www.billetterie.ville-romans.fr<\/p>\n","protected":false},"excerpt":{"rendered":"La compagnie Dyptik a \u00e9t\u00e9 cr\u00e9\u00e9e en 2012, elle est install\u00e9e \u00e0 Saint-\u00c9tienne. Les fondateurs Souhail Marchiche et&hellip;\n","protected":false},"author":2,"featured_media":49985,"comment_status":"","ping_status":"","sticky":false,"template":"","format":"standard","meta":{"footnotes":""},"categories":[9653],"tags":[1111,11,2430,1687,2737,1777,674,1795,1011,27,12,25,1479,2736,4001,3140],"class_list":{"0":"post-49984","1":"post","2":"type-post","3":"status-publish","4":"format-standard","5":"has-post-thumbnail","7":"category-saint-etienne","8":"tag-actu","9":"tag-actualites","10":"tag-auvergne-rhone-alpes","11":"tag-culture-loisirs","12":"tag-edition-romans-nord-drome","13":"tag-eu","14":"tag-europe","15":"tag-fil-web","16":"tag-fr","17":"tag-france","18":"tag-news","19":"tag-republique-francaise","20":"tag-romans","21":"tag-romans-sur-isere","22":"tag-saint-etienne","23":"tag-spectacle"},"share_on_mastodon":{"url":"https:\/\/pubeurope.com\/@fr\/114394733220694396","error":""},"_links":{"self":[{"href":"https:\/\/www.europesays.com\/fr\/wp-json\/wp\/v2\/posts\/49984","targetHints":{"allow":["GET"]}}],"collection":[{"href":"https:\/\/www.europesays.com\/fr\/wp-json\/wp\/v2\/posts"}],"about":[{"href":"https:\/\/www.europesays.com\/fr\/wp-json\/wp\/v2\/types\/post"}],"author":[{"embeddable":true,"href":"https:\/\/www.europesays.com\/fr\/wp-json\/wp\/v2\/users\/2"}],"replies":[{"embeddable":true,"href":"https:\/\/www.europesays.com\/fr\/wp-json\/wp\/v2\/comments?post=49984"}],"version-history":[{"count":0,"href":"https:\/\/www.europesays.com\/fr\/wp-json\/wp\/v2\/posts\/49984\/revisions"}],"wp:featuredmedia":[{"embeddable":true,"href":"https:\/\/www.europesays.com\/fr\/wp-json\/wp\/v2\/media\/49985"}],"wp:attachment":[{"href":"https:\/\/www.europesays.com\/fr\/wp-json\/wp\/v2\/media?parent=49984"}],"wp:term":[{"taxonomy":"category","embeddable":true,"href":"https:\/\/www.europesays.com\/fr\/wp-json\/wp\/v2\/categories?post=49984"},{"taxonomy":"post_tag","embeddable":true,"href":"https:\/\/www.europesays.com\/fr\/wp-json\/wp\/v2\/tags?post=49984"}],"curies":[{"name":"wp","href":"https:\/\/api.w.org\/{rel}","templated":true}]}}