{"id":499845,"date":"2025-10-30T11:38:27","date_gmt":"2025-10-30T11:38:27","guid":{"rendered":"https:\/\/www.europesays.com\/fr\/499845\/"},"modified":"2025-10-30T11:38:27","modified_gmt":"2025-10-30T11:38:27","slug":"deux-superbes-fresques-de-blesea-decorent-la-facade-dun-etablissement-a-cherbourg","status":"publish","type":"post","link":"https:\/\/www.europesays.com\/fr\/499845\/","title":{"rendered":"Deux superbes fresques de Blesea d\u00e9corent la fa\u00e7ade d&rsquo;un \u00e9tablissement \u00e0 Cherbourg"},"content":{"rendered":"<p>            Par<br \/>\n        <strong><br \/>\n            <a href=\"https:\/\/actu.fr\/auteur\/redaction-pressemanche\" title=\"Consulter tous les articles de R\u00e9daction La Presse de la Manche\" rel=\"nofollow noopener\" target=\"_blank\">R\u00e9daction La Presse de la Manche<\/a><br \/>\n        <\/strong><\/p>\n<p>        Publi\u00e9 le<\/p>\n<p>            30 oct. 2025 \u00e0 8h09        <\/p>\n<p data-end=\"824\">La <b>Maison de l\u2019\u00e9ducation \u00e0 l\u2019environnement et au d\u00e9veloppement durable<\/b> (EEDD), situ\u00e9e en face de la piscine de Collignon \u00e0 <a href=\"https:\/\/actu.fr\/tag\/tourlaville\" rel=\"nofollow noopener\" target=\"_blank\">Tourlaville<\/a> (commune d\u00e9l\u00e9gu\u00e9e de <a href=\"https:\/\/actu.fr\/normandie\/cherbourg-en-cotentin_50129\" rel=\"nofollow noopener\" target=\"_blank\">Cherbourg-en-Cotentin<\/a>, Manche), vient de se parer de <b>deux superbes fresques<\/b> r\u00e9alis\u00e9es par l\u2019artiste <a href=\"https:\/\/actu.fr\/normandie\/cherbourg-en-cotentin_50129\/portrait-blesea-sublime-le-cotentin-avec-son-street-art-haut-en-couleur_61148352.html\" rel=\"nofollow noopener\" target=\"_blank\">Blesea<\/a>.<\/p>\n<p data-end=\"824\" class=\" wall-content\">L\u2019occasion de faire coup double en allant \u00e9galement visiter l\u2019exposition \u00ab Quand vient la nuit \u00bb, pr\u00e9sent\u00e9e dans l\u2019\u00e9tablissement jusqu\u2019au 21 novembre 2025.<\/p>\n<p>Une double d\u00e9couverte \u00e0 la Maison de l\u2019EEDD<\/p>\n<p data-end=\"1320\" class=\" wall-content\">Con\u00e7ue et r\u00e9alis\u00e9e par la Maison de l\u2019EEDD, cette exposition invite \u00e0 explorer la campagne et la ville lorsque tout le monde s\u2019endort et que la nuit tombe. Elle r\u00e9pond \u00e0 des questions telles que : que se passe-t-il dans nos rues, \u00e0 proximit\u00e9 de nos maisons ? Qui vient visiter nos jardins ?<\/p>\n<p data-end=\"1320\" class=\" wall-content\">Pour y r\u00e9pondre, de nombreux panneaux, agr\u00e9ment\u00e9s des illustrations de C\u00e9line Lecoq et des photographies de Lilian Sineux, offrent au public des explications et des exemples riches et vari\u00e9s.<\/p>\n<p data-end=\"1432\" class=\" wall-content\">D\u00e8s le 26\u00a0novembre, une nouvelle exposition, \u00ab Loup y es-tu ? \u00bb, prendra le relais dans le grand hall.<\/p>\n<p data-end=\"1804\" class=\" wall-content\">\u00c0 noter que la Maison de l\u2019EEDD propose \u00e9galement, tout au long de l\u2019ann\u00e9e, de nombreux ateliers sur des th\u00e8mes li\u00e9s \u00e0 la nature et \u00e0 l\u2019environnement : \u00ab Les oiseaux des jardins \u00bb, le 17\u00a0janvier ; \u00ab Les dr\u00f4les de poissons \u00bb, le 17\u00a0f\u00e9vrier ; \u00ab Le pays de l\u2019eau \u00bb, le jeudi 19\u00a0f\u00e9vrier ; \u00ab Les d\u00e9chets, des compagnons encombrants \u00bb, le 24\u00a0f\u00e9vrier.<\/p>\n<p>Vid\u00e9os : en ce moment sur Actu<\/p>\n<p data-end=\"1804\" class=\" wall-content\"><b>De notre correspondant Jean-Christophe BEAUCH\u00c9<\/b><\/p>\n<p>La Maison de l\u2019\u00e9ducation \u00e0 l\u2019environnement et au d\u00e9veloppement durable, 356, rue des Algues, au 02 33 22 22 16 ou sur <a href=\"http:\/\/www.cherbourg.fr\" rel=\"nofollow noopener\" target=\"_blank\">www.cherbourg.fr<\/a>. Ouvert du mardi au vendredi de 10 \u00e0 12 heures et de 14 heures \u00e0 17 h 30.<\/p>\n<p class=\" wall-content\">Personnalisez votre actualit\u00e9 en ajoutant vos villes et m\u00e9dias en favori avec <a href=\"https:\/\/moncompte.actu.fr\" title=\"D\u00e9couvez Mon Actu\" rel=\"nofollow noopener\" data-trk=\"{&quot;cta&quot;:{&quot;action&quot;:&quot;https:\\\/\\\/moncompte.actu.fr&quot;,&quot;category&quot;:&quot;mon compte&quot;,&quot;from&quot;:&quot;article footer&quot;,&quot;name&quot;:&quot;Mon actu&quot;,&quot;type&quot;:&quot;cta&quot;}}\" target=\"_blank\">Mon Actu<\/a>.<\/p>\n","protected":false},"excerpt":{"rendered":"Par R\u00e9daction La Presse de la Manche Publi\u00e9 le 30 oct. 2025 \u00e0 8h09 La Maison de l\u2019\u00e9ducation&hellip;\n","protected":false},"author":2,"featured_media":499846,"comment_status":"","ping_status":"","sticky":false,"template":"","format":"standard","meta":{"footnotes":""},"categories":[1358],"tags":[1348,1384,1385,3168,1386,58,59,1011,27,1652,7189],"class_list":{"0":"post-499845","1":"post","2":"type-post","3":"status-publish","4":"format-standard","5":"has-post-thumbnail","7":"category-arts-et-design","8":"tag-arts","9":"tag-arts-and-design","10":"tag-arts-et-design","11":"tag-cotentin","12":"tag-design","13":"tag-divertissement","14":"tag-entertainment","15":"tag-fr","16":"tag-france","17":"tag-loisirs-culture","18":"tag-street-art"},"share_on_mastodon":{"url":"https:\/\/pubeurope.com\/@fr\/115462924079406805","error":""},"_links":{"self":[{"href":"https:\/\/www.europesays.com\/fr\/wp-json\/wp\/v2\/posts\/499845","targetHints":{"allow":["GET"]}}],"collection":[{"href":"https:\/\/www.europesays.com\/fr\/wp-json\/wp\/v2\/posts"}],"about":[{"href":"https:\/\/www.europesays.com\/fr\/wp-json\/wp\/v2\/types\/post"}],"author":[{"embeddable":true,"href":"https:\/\/www.europesays.com\/fr\/wp-json\/wp\/v2\/users\/2"}],"replies":[{"embeddable":true,"href":"https:\/\/www.europesays.com\/fr\/wp-json\/wp\/v2\/comments?post=499845"}],"version-history":[{"count":0,"href":"https:\/\/www.europesays.com\/fr\/wp-json\/wp\/v2\/posts\/499845\/revisions"}],"wp:featuredmedia":[{"embeddable":true,"href":"https:\/\/www.europesays.com\/fr\/wp-json\/wp\/v2\/media\/499846"}],"wp:attachment":[{"href":"https:\/\/www.europesays.com\/fr\/wp-json\/wp\/v2\/media?parent=499845"}],"wp:term":[{"taxonomy":"category","embeddable":true,"href":"https:\/\/www.europesays.com\/fr\/wp-json\/wp\/v2\/categories?post=499845"},{"taxonomy":"post_tag","embeddable":true,"href":"https:\/\/www.europesays.com\/fr\/wp-json\/wp\/v2\/tags?post=499845"}],"curies":[{"name":"wp","href":"https:\/\/api.w.org\/{rel}","templated":true}]}}