{"id":499863,"date":"2025-10-30T11:48:16","date_gmt":"2025-10-30T11:48:16","guid":{"rendered":"https:\/\/www.europesays.com\/fr\/499863\/"},"modified":"2025-10-30T11:48:16","modified_gmt":"2025-10-30T11:48:16","slug":"donald-trump-dit-avoir-gagne-contre-le-canular-du-changement-climatique-apres-des-propos-de-bill-gates-liberation","status":"publish","type":"post","link":"https:\/\/www.europesays.com\/fr\/499863\/","title":{"rendered":"Donald Trump dit avoir gagn\u00e9 contre le \u00abcanular du changement climatique\u00bb apr\u00e8s des propos de Bill Gates \u2013 Lib\u00e9ration"},"content":{"rendered":"<p class=\"sc-cPiKLX AiZTS text-element\">Les scientifiques fulminent, Trump jubile. Le pr\u00e9sident am\u00e9ricain a affirm\u00e9 mercredi 29 octobre avoir gagn\u00e9 \u00abla guerre contre le canular du changement climatique\u00bb, apr\u00e8s des propos du milliardaire et philanthrope am\u00e9ricain Bill Gates estimant que la vision des experts sur le r\u00e9chauffement de la plan\u00e8te \u00e9tait \u00abcatastrophiste\u00bb.<\/p>\n<p class=\"sc-cPiKLX AiZTS text-element\">\u00abJ\u2019AI (NOUS AVONS !) juste gagn\u00e9 la guerre contre le canular du changement climatique. Bill Gates a finalement reconnu qu\u2019il avait compl\u00e8tement TORT sur la question\u00bb, a d\u00e9clar\u00e9 le pr\u00e9sident am\u00e9ricain sur son r\u00e9seau Truth Social. Saluant le \u00abcourage\u00bb de Bill Gates, Donald Trump, <a href=\"https:\/\/www.liberation.fr\/forums\/dominique-bourg-et-camille-parmesan-en-sattaquant-aux-scientifiques-donald-trump-detruit-la-possibilite-meme-dune-connaissance-du-monde-20250923_OGVEQIFWABC6FACRX3YWEVZLGA\/\" target=\"_blank\" rel=\"noopener\" title=\"https:\/\/www.liberation.fr\/forums\/dominique-bourg-et-camille-parmesan-en-sattaquant-aux-scientifiques-donald-trump-detruit-la-possibilite-meme-dune-connaissance-du-monde-20250923_OGVEQIFWABC6FACRX3YWEVZLGA\/\">connu pour ses positions climatosceptiques<\/a> et sa d\u00e9fense du secteur des \u00e9nergies fossiles, a conclu son message par son fameux \u00abMake America Great Again\u00bb.<\/p>\n<p class=\"sc-cPiKLX AiZTS text-element\">Dans un long texte publi\u00e9 sur son site internet lundi soir, Bill Gates avait notamment \u00e9crit que le r\u00e9chauffement de la plan\u00e8te n\u2019allait \u00abpas conduire \u00e0 la disparition de l\u2019humanit\u00e9\u00bb. A quelques jours de l\u2019ouverture au Br\u00e9sil de <a href=\"https:\/\/www.liberation.fr\/environnement\/climat\/objectif-de-baisse-de-10-des-emissions-de-gaz-a-effet-de-serre-dici-2035-pas-suffisant-pour-limiter-le-rechauffement-a-15-c-20251028_7LF36SGYYBFMHHUZIWBRMBWDRQ\/\" target=\"_blank\" rel=\"noopener\" title=\"https:\/\/www.liberation.fr\/environnement\/climat\/objectif-de-baisse-de-10-des-emissions-de-gaz-a-effet-de-serre-dici-2035-pas-suffisant-pour-limiter-le-rechauffement-a-15-c-20251028_7LF36SGYYBFMHHUZIWBRMBWDRQ\/\">la 30e conf\u00e9rence des Nations unies sur le climat<\/a>, le cofondateur de Microsoft a aussi appel\u00e9 \u00e0 ce que cette COP30 recentre le d\u00e9bat sur \u00abl\u2019am\u00e9lioration des conditions de vie\u00bb plut\u00f4t que sur les temp\u00e9ratures ou les \u00e9missions de gaz \u00e0 effet de serre.<\/p>\n<p class=\"sc-cPiKLX AiZTS text-element\">Si le changement climatique aura \u00abde graves cons\u00e9quences\u00bb, a ajout\u00e9 le philanthrope dont la fortune s\u2019\u00e9l\u00e8ve selon Forbes \u00e0 plus de 100 milliards de dollars, \u00ables populations pourront vivre et prosp\u00e9rer sur la plus grande partie de la plan\u00e8te dans un avenir proche\u00bb. Selon lui, pauvret\u00e9 et maladies demeurent les probl\u00e8mes les plus importants de l\u2019humanit\u00e9, et s\u2019y attaquer aidera les populations les plus vuln\u00e9rables \u00e0 vivre dans un monde plus chaud. Une vision qui irrite les scientifiques, qui accusent le milliardaire de proposer un faux choix entre l\u2019action climatique et la r\u00e9duction des souffrances humaines, soulignant que les deux sont intrins\u00e8quement li\u00e9s.<\/p>\n<p class=\"sc-cPiKLX AiZTS text-element\">Bill Gates, qui a quitt\u00e9 toute fonction ex\u00e9cutive chez Microsoft en 2008 pour <a href=\"https:\/\/www.liberation.fr\/international\/amerique\/la-fondation-gates-prevoit-de-donner-plus-de-200-milliards-de-dollars-dici-2045-date-de-sa-fermeture-20250508_TNQ4TQVRTVACDGGLR7VRZ3X6LY\/\" target=\"_blank\" rel=\"noopener\" title=\"https:\/\/www.liberation.fr\/international\/amerique\/la-fondation-gates-prevoit-de-donner-plus-de-200-milliards-de-dollars-dici-2045-date-de-sa-fermeture-20250508_TNQ4TQVRTVACDGGLR7VRZ3X6LY\/\">se consacrer \u00e0 la philanthropie<\/a>, a fond\u00e9 Breakthrough Energy en 2015. Ce fonds a investi plus de deux milliards de dollars dans des technologies naissantes, telles que le ciment bas carbone ou l\u2019aviation sans \u00e9missions. Quant \u00e0 la Fondation Gates, lanc\u00e9e en 2000 et initialement consacr\u00e9e \u00e0 la lutte contre les maladies, notamment au moyen de la vaccination, elle s\u2019\u00e9tait, \u00e0 partir du d\u00e9but des ann\u00e9es 2010, \u00e9galement attaqu\u00e9e \u00e0 la lutte contre le changement climatique, au point de faire de Bill Gates une des figures mondiales dans ce domaine.<\/p>\n","protected":false},"excerpt":{"rendered":"Les scientifiques fulminent, Trump jubile. Le pr\u00e9sident am\u00e9ricain a affirm\u00e9 mercredi 29 octobre avoir gagn\u00e9 \u00abla guerre contre&hellip;\n","protected":false},"author":2,"featured_media":499864,"comment_status":"","ping_status":"","sticky":false,"template":"","format":"standard","meta":{"footnotes":""},"categories":[5],"tags":[11,75,1011,27,14,12,5140,28],"class_list":{"0":"post-499863","1":"post","2":"type-post","3":"status-publish","4":"format-standard","5":"has-post-thumbnail","7":"category-international","8":"tag-actualites","9":"tag-donald-trump","10":"tag-fr","11":"tag-france","12":"tag-international","13":"tag-news","14":"tag-rechauffement-climatique","15":"tag-world"},"share_on_mastodon":{"url":"https:\/\/pubeurope.com\/@fr\/115462963500628393","error":""},"_links":{"self":[{"href":"https:\/\/www.europesays.com\/fr\/wp-json\/wp\/v2\/posts\/499863","targetHints":{"allow":["GET"]}}],"collection":[{"href":"https:\/\/www.europesays.com\/fr\/wp-json\/wp\/v2\/posts"}],"about":[{"href":"https:\/\/www.europesays.com\/fr\/wp-json\/wp\/v2\/types\/post"}],"author":[{"embeddable":true,"href":"https:\/\/www.europesays.com\/fr\/wp-json\/wp\/v2\/users\/2"}],"replies":[{"embeddable":true,"href":"https:\/\/www.europesays.com\/fr\/wp-json\/wp\/v2\/comments?post=499863"}],"version-history":[{"count":0,"href":"https:\/\/www.europesays.com\/fr\/wp-json\/wp\/v2\/posts\/499863\/revisions"}],"wp:featuredmedia":[{"embeddable":true,"href":"https:\/\/www.europesays.com\/fr\/wp-json\/wp\/v2\/media\/499864"}],"wp:attachment":[{"href":"https:\/\/www.europesays.com\/fr\/wp-json\/wp\/v2\/media?parent=499863"}],"wp:term":[{"taxonomy":"category","embeddable":true,"href":"https:\/\/www.europesays.com\/fr\/wp-json\/wp\/v2\/categories?post=499863"},{"taxonomy":"post_tag","embeddable":true,"href":"https:\/\/www.europesays.com\/fr\/wp-json\/wp\/v2\/tags?post=499863"}],"curies":[{"name":"wp","href":"https:\/\/api.w.org\/{rel}","templated":true}]}}