{"id":499865,"date":"2025-10-30T11:49:10","date_gmt":"2025-10-30T11:49:10","guid":{"rendered":"https:\/\/www.europesays.com\/fr\/499865\/"},"modified":"2025-10-30T11:49:10","modified_gmt":"2025-10-30T11:49:10","slug":"le-rn-fait-adopter-a-lassemblee-la-denonciation-des-accords-de-1968","status":"publish","type":"post","link":"https:\/\/www.europesays.com\/fr\/499865\/","title":{"rendered":"le RN fait adopter \u00e0 l\u2019Assembl\u00e9e la d\u00e9nonciation des accords de 1968"},"content":{"rendered":"<p>\n    Pour la premi\u00e8re fois de son histoire, le Rassemblement national a r\u00e9ussi \u00e0 faire voter un de ses textes dans l\u2019H\u00e9micycle.<\/p>\n<p class=\"fig-paragraph\">\u00c0 une petite voix pr\u00e8s, mais une grande victoire pour Marine Le\u00a0Pen. L\u2019Assembl\u00e9e nationale a adopt\u00e9 \u00e0 185 pour, et 184 voix contre, la proposition de r\u00e9solution visant \u00e0 d\u00e9noncer les\u00a0<a href=\"http:\/\/www.lefigaro.fr\/international\/l-etat-est-aveugle-l-accord-franco-algerien-de-1968-coute-2-milliards-d-euros-par-an-et-sans-doute-plus-selon-un-rapport-parlementaire-20251015\" data-fig-type=\"Article\" data-gtm-custom-categorie=\"navigation\" data-gtm-custom-action=\"crossclick\" data-gtm-custom-label=\"Contextuel\" data-gtm-event=\"customEventSPE\" data-fig-domain=\"LEFIGARO\" target=\"_blank\" rel=\"noopener\">accords franco-alg\u00e9riens de 1968<\/a>. C\u2019est m\u00eame une double victoire pour la pr\u00e9sidente du groupe parlementaire du Rassemblement national (RN)\u00a0: pour la premi\u00e8re fois de son histoire, le parti nationaliste a r\u00e9ussi \u00e0 faire voter un de ses textes dans l\u2019H\u00e9micycle. \u00abC\u2019est une journ\u00e9e qu\u2019on peut qualifier d\u2019historique pour le RN\u00bb, s\u2019est f\u00e9licit\u00e9e Marine Le\u00a0Pen, qui est all\u00e9e aussit\u00f4t devant les cam\u00e9ras, salle des Quatre colonnes.<\/p>\n<p class=\"fig-paragraph\">L\u2019adoption de ce texte est une surprise. D\u00e8s lors que le groupe Renaissance, pr\u00e9sid\u00e9 par Gabriel Attal, avait d\u00e9cid\u00e9\u00a0<a href=\"http:\/\/www.lefigaro.fr\/politique\/denonciation-des-accords-de-1968-delit-de-sejour-irregulier-a-l-assemblee-le-rn-met-lr-et-les-macronistes-face-a-leurs-responsabilites-20251029\" data-fig-type=\"Article\" data-gtm-custom-categorie=\"navigation\" data-gtm-custom-action=\"crossclick\" data-gtm-custom-label=\"Contextuel\" data-gtm-event=\"customEventSPE\" data-fig-domain=\"LEFIGARO\" target=\"_blank\" rel=\"noopener\">de voter contre cette r\u00e9solution<\/a>, les chances d\u2019obtenir une majorit\u00e9 parlementaire sur ce texte avaient drastiquement fondu. Marine Le\u00a0Pen a en r\u00e9alit\u00e9 profit\u00e9 de l\u2019absence d\u2019une partie des d\u00e9put\u00e9s du bloc central et de gauche, oppos\u00e9 \u00e0 ce texte. La chef de file nationaliste a en revanche profit\u00e9 d\u2019avoir fait le plein de ses voix sur ses bancs, ceux de son alli\u00e9 UDR, pr\u00e9sid\u00e9 par \u00c9ric Ciotti, mais aussi des voix des d\u00e9put\u00e9s d\u2019Horizons, le parti d\u2019Edouard Philippe, et des R\u00e9publicains (LR), men\u00e9s par Laurent Wauquiez.<\/p>\n<p>                                    <a class=\"fig-a11y-skip a11y-hidden\" href=\"#fig-a11y-skip-main-inarticle\"><br \/>\n        Passer la publicit\u00e9<br \/>\n    <\/a><\/p>\n<p class=\"fig-paragraph\">Qui a fait basculer le scrutin\u00a0? S\u00fbrement\u00a0<a href=\"https:\/\/www.lefigaro.fr\/tag\/sebastien-chenu\" target=\"_blank\" rel=\"sponsored noopener\" data-gtm-custom-categorie=\"navigation\" data-gtm-custom-action=\"crossclick\" data-gtm-custom-label=\"Contextuel\" data-gtm-event=\"customEventSPE\">S\u00e9bastien Chenu<\/a>, d\u00e9put\u00e9 RN du Nord, mais aussi vice-pr\u00e9sident de l\u2019Assembl\u00e9e nationale, et qui a pr\u00e9sid\u00e9 justement la s\u00e9ance au moment du vote sur la r\u00e9solution. \u00abD\u2019habitude le pr\u00e9sident de s\u00e9ance ne vote pas, mais Ya\u00ebl Braun-Pivet a cr\u00e9\u00e9 une jurisprudence en votant certains textes (fin de vie) et Cl\u00e9mence Guett\u00e9 qui pr\u00e9side le fait aussi r\u00e9guli\u00e8rement . Je les ai donc imit\u00e9es\u00bb, explique ce bras droit de Marine Le\u00a0Pen au Parlement, interrog\u00e9 par Le Figaro.<\/p>\n<p>L\u2019absence remarqu\u00e9e de Gabriel Attal<\/p>\n<p class=\"fig-paragraph\">Un absent r\u00e9sume \u00e0 lui tout seul la d\u00e9faite du bloc central lors de ce vote\u00a0: Gabriel Attal, ancien premier ministre, patron de Renaissance et pr\u00e9sident du groupe parlementaire de son parti. \u00abO\u00f9 est Gabriel Attal\u00a0? O\u00f9 sont les d\u00e9put\u00e9s macronistes\u00a0? Ce qu\u2019on vient de vivre dans l\u2019h\u00e9micycle, c\u2019est inacceptable\u00bb, a d\u00e9nonc\u00e9 Cyrielle Chatelain, pr\u00e9sidente du groupe parlementaire des \u00c9cologistes, avant d\u2019encha\u00eener\u00a0: \u00abL\u2019absence des macronistes a donn\u00e9 une victoire au RN\u00bb. Gabriel Attal a lui supprim\u00e9 une publication Instagram qu\u2019il venait de publier, dans laquelle il annon\u00e7ait sa pr\u00e9sence au \u00abA World for travel\u00bb, le forum international d\u00e9di\u00e9 \u00e0 la transformation durable du tourisme.<\/p>\n<p class=\"fig-paragraph\">Marine Le\u00a0Pen, elle, boit du petit-lait apr\u00e8s ce vote. \u00abJe remercie les groupes &#8211; ceux d\u2019\u00c9douard Philippe et de Laurent Wauquiez &#8211; qui ont vot\u00e9 en coh\u00e9rence avec leurs opinions, dit-elle. En revanche, je suis extr\u00eamement critique \u00e0 l\u2019\u00e9gard de Gabriel Attal, qui a indiqu\u00e9 \u00eatre contre cette convention, et qui a demand\u00e9 \u00e0 ses d\u00e9put\u00e9s de voter contre la d\u00e9nonciation de cette convention\u00bb. Et la d\u00e9put\u00e9e RN du Pas-de-Calais de profiter de sa victoire parlementaire en interpellant le premier ministre S\u00e9bastien Lecornu\u00a0: \u00abLe Premier ministre a indiqu\u00e9 il y a plusieurs jours qu\u2019il entendait respecter la volont\u00e9 de l\u2019Assembl\u00e9e nationale. Il peut imm\u00e9diatement se mettre au travail pour faire conna\u00eetre \u00e0 l\u2019Alg\u00e9rie le vote du peuple fran\u00e7ais\u00bb.<\/p>\n","protected":false},"excerpt":{"rendered":"Pour la premi\u00e8re fois de son histoire, le Rassemblement national a r\u00e9ussi \u00e0 faire voter un de ses&hellip;\n","protected":false},"author":2,"featured_media":499866,"comment_status":"","ping_status":"","sticky":false,"template":"","format":"standard","meta":{"footnotes":""},"categories":[4],"tags":[11,15,416,1011,27,430,12,25],"class_list":{"0":"post-499865","1":"post","2":"type-post","3":"status-publish","4":"format-standard","5":"has-post-thumbnail","7":"category-france","8":"tag-actualites","9":"tag-algerie","10":"tag-assemblee-nationale","11":"tag-fr","12":"tag-france","13":"tag-marine-le-pen","14":"tag-news","15":"tag-republique-francaise"},"share_on_mastodon":{"url":"https:\/\/pubeurope.com\/@fr\/115462967506036170","error":""},"_links":{"self":[{"href":"https:\/\/www.europesays.com\/fr\/wp-json\/wp\/v2\/posts\/499865","targetHints":{"allow":["GET"]}}],"collection":[{"href":"https:\/\/www.europesays.com\/fr\/wp-json\/wp\/v2\/posts"}],"about":[{"href":"https:\/\/www.europesays.com\/fr\/wp-json\/wp\/v2\/types\/post"}],"author":[{"embeddable":true,"href":"https:\/\/www.europesays.com\/fr\/wp-json\/wp\/v2\/users\/2"}],"replies":[{"embeddable":true,"href":"https:\/\/www.europesays.com\/fr\/wp-json\/wp\/v2\/comments?post=499865"}],"version-history":[{"count":0,"href":"https:\/\/www.europesays.com\/fr\/wp-json\/wp\/v2\/posts\/499865\/revisions"}],"wp:featuredmedia":[{"embeddable":true,"href":"https:\/\/www.europesays.com\/fr\/wp-json\/wp\/v2\/media\/499866"}],"wp:attachment":[{"href":"https:\/\/www.europesays.com\/fr\/wp-json\/wp\/v2\/media?parent=499865"}],"wp:term":[{"taxonomy":"category","embeddable":true,"href":"https:\/\/www.europesays.com\/fr\/wp-json\/wp\/v2\/categories?post=499865"},{"taxonomy":"post_tag","embeddable":true,"href":"https:\/\/www.europesays.com\/fr\/wp-json\/wp\/v2\/tags?post=499865"}],"curies":[{"name":"wp","href":"https:\/\/api.w.org\/{rel}","templated":true}]}}