{"id":499869,"date":"2025-10-30T11:51:13","date_gmt":"2025-10-30T11:51:13","guid":{"rendered":"https:\/\/www.europesays.com\/fr\/499869\/"},"modified":"2025-10-30T11:51:13","modified_gmt":"2025-10-30T11:51:13","slug":"sorbiers-une-jeune-femme-et-son-bebe-de-20-mois-pris-en-charge-apres-un-accident-de-la-route","status":"publish","type":"post","link":"https:\/\/www.europesays.com\/fr\/499869\/","title":{"rendered":"Sorbiers. Une jeune femme et son b\u00e9b\u00e9 de 20 mois pris en charge apr\u00e8s un accident de la route"},"content":{"rendered":"<p>Il \u00e9tait environ 8h30 ce jeudi 30\u00a0octobre quand les sapeurs-pompiers ont \u00e9t\u00e9 pr\u00e9venus. Un peu plus t\u00f4t un accident de la circulation venait de se produire entre deux voitures, route de Saint-Chamond dans la commune de Sorbiers.<\/p>\n<p>Rapidement sur place, les personnels du Service d\u00e9partemental d\u2019incendie et de secours de la Loire ont pris en charge la conductrice de 31 ans d\u2019un premier v\u00e9hicule ainsi que son b\u00e9b\u00e9 de 20 mois avant de les transporter vers le centre hospitalier Nord \u00e0 Saint-Priest-en-Jarez afin de subir des examens compl\u00e9mentaires.<\/p>\n<p>Dans le second v\u00e9hicule, aucune victime n\u2019\u00e9tait \u00e0 d\u00e9plorer.<\/p>\n","protected":false},"excerpt":{"rendered":"Il \u00e9tait environ 8h30 ce jeudi 30\u00a0octobre quand les sapeurs-pompiers ont \u00e9t\u00e9 pr\u00e9venus. Un peu plus t\u00f4t un&hellip;\n","protected":false},"author":2,"featured_media":499870,"comment_status":"","ping_status":"","sticky":false,"template":"","format":"standard","meta":{"footnotes":""},"categories":[9653],"tags":[119,1111,11,2430,7539,1777,674,274,1011,27,3367,12,25,4001,9664,104,17204],"class_list":{"0":"post-499869","1":"post","2":"type-post","3":"status-publish","4":"format-standard","5":"has-post-thumbnail","7":"category-saint-etienne","8":"tag-accident","9":"tag-actu","10":"tag-actualites","11":"tag-auvergne-rhone-alpes","12":"tag-edition-loire-sud","13":"tag-eu","14":"tag-europe","15":"tag-faits-divers-justice","16":"tag-fr","17":"tag-france","18":"tag-loire","19":"tag-news","20":"tag-republique-francaise","21":"tag-saint-etienne","22":"tag-saint-etienne-bassin","23":"tag-societe","24":"tag-sorbiers"},"share_on_mastodon":{"url":"https:\/\/pubeurope.com\/@fr\/115462975377415856","error":""},"_links":{"self":[{"href":"https:\/\/www.europesays.com\/fr\/wp-json\/wp\/v2\/posts\/499869","targetHints":{"allow":["GET"]}}],"collection":[{"href":"https:\/\/www.europesays.com\/fr\/wp-json\/wp\/v2\/posts"}],"about":[{"href":"https:\/\/www.europesays.com\/fr\/wp-json\/wp\/v2\/types\/post"}],"author":[{"embeddable":true,"href":"https:\/\/www.europesays.com\/fr\/wp-json\/wp\/v2\/users\/2"}],"replies":[{"embeddable":true,"href":"https:\/\/www.europesays.com\/fr\/wp-json\/wp\/v2\/comments?post=499869"}],"version-history":[{"count":0,"href":"https:\/\/www.europesays.com\/fr\/wp-json\/wp\/v2\/posts\/499869\/revisions"}],"wp:featuredmedia":[{"embeddable":true,"href":"https:\/\/www.europesays.com\/fr\/wp-json\/wp\/v2\/media\/499870"}],"wp:attachment":[{"href":"https:\/\/www.europesays.com\/fr\/wp-json\/wp\/v2\/media?parent=499869"}],"wp:term":[{"taxonomy":"category","embeddable":true,"href":"https:\/\/www.europesays.com\/fr\/wp-json\/wp\/v2\/categories?post=499869"},{"taxonomy":"post_tag","embeddable":true,"href":"https:\/\/www.europesays.com\/fr\/wp-json\/wp\/v2\/tags?post=499869"}],"curies":[{"name":"wp","href":"https:\/\/api.w.org\/{rel}","templated":true}]}}