{"id":499873,"date":"2025-10-30T11:53:17","date_gmt":"2025-10-30T11:53:17","guid":{"rendered":"https:\/\/www.europesays.com\/fr\/499873\/"},"modified":"2025-10-30T11:53:17","modified_gmt":"2025-10-30T11:53:17","slug":"pres-de-nancy-pour-attirer-les-clients-cette-commercante-decide-de-payer-une-partie-de-leur-stationnement","status":"publish","type":"post","link":"https:\/\/www.europesays.com\/fr\/499873\/","title":{"rendered":"Pr\u00e8s de Nancy. Pour attirer les clients, cette commer\u00e7ante d\u00e9cide de payer une partie de leur stationnement"},"content":{"rendered":"<p>            Par<br \/>\n        <strong><br \/>\n            <a href=\"https:\/\/actu.fr\/auteur\/pierre-emile-bouchy-actu-fr\" title=\"Consulter tous les articles de Paul-Emile Bouchy\" target=\"_blank\" rel=\"noopener\">Paul-Emile Bouchy<\/a><br \/>\n        <\/strong><\/p>\n<p>        Publi\u00e9 le<\/p>\n<p>            30 oct. 2025 \u00e0 12h23        <\/p>\n<p>Alors que le <a href=\"https:\/\/actu.fr\/tag\/stationnement\" target=\"_blank\" rel=\"noopener\">stationnement<\/a> est <strong>payant depuis le 1er\u00a0janvier 2023 dans le centre-ville de Jarville-la-Malgrange<\/strong>, pr\u00e8s de Nancy (<a href=\"https:\/\/actu.fr\/grand-est\/meurthe-et-moselle_54\" target=\"_blank\" rel=\"noopener\">Meurthe-et-Moselle<\/a>), <strong>Audrey, g\u00e9rante du magasin La classe \u00e0 l\u2019\u00e9cole<\/strong>, un d\u00e9p\u00f4t-vente sp\u00e9cialis\u00e9 dans les jouets et v\u00eatements d\u2019occasion pour les enfants, <strong>vient de prendre une initiative<\/strong>.<\/p>\n<p class=\" wall-content\">Elle a d\u00e9cid\u00e9 de <strong>payer une partie du stationnement de ses clients<\/strong>. Elle nous explique pourquoi.<\/p>\n<p>Une solution pour faire venir les clients dans le centre-ville<\/p>\n<p class=\" wall-content\">Dans la rue de la R\u00e9publique o\u00f9 se trouve son commerce, se garer est payant et limit\u00e9 \u00e0 3\u00a0heures maximum, hormis 14 places \u00ab\u2009arr\u00eat minute\u2009\u00bb limit\u00e9es \u00e0 30\u00a0minutes.<\/p>\n<p class=\" wall-content\">Audrey a donc fait le choix de <strong>rembourser 1\u00a0euro \u00e0 ses clients d\u00e8s 15\u00a0euros d\u2019achat<\/strong> et sur pr\u00e9sentation de leur ticket de parking\u2009: \u00ab<strong>\u2009Je peine \u00e0 attirer des clients dans ma boutique<\/strong>. J\u2019ai donc pris cette initiative. J\u2019ai eu beaucoup de retours positifs de clients.\u2009\u00bb<\/p>\n<p class=\" wall-content\">En d\u00e9but d\u2019ann\u00e9e, Audrey a connu un coup dur avec <a href=\"https:\/\/actu.fr\/grand-est\/jarville-la-malgrange_54274\/vinted-ferme-des-points-relais-chez-ces-commercants-ils-nous-jettent-comme-de-vieilles-chaussettes_62541686.html\" target=\"_blank\" rel=\"noopener\">la fermeture de son point relais Vinted Go<\/a>. Un service qui permettait de faire d\u00e9couvrir sa boutique \u00e0 de nouvelles personnes\u2009: \u00ab\u2009En septembre, j\u2019ai mis un message sur les r\u00e9seaux sociaux pour dire que je rencontrais des difficult\u00e9s. J\u2019ai des clients qui sont revenus. \u00c7a fait plaisir.\u2009\u00bb<\/p>\n<p>\u00ab\u2009Un manque d\u2019animations dans le centre-ville\u2009\u00bb, selon la commer\u00e7ante<\/p>\n<p class=\" wall-content\">Selon elle, le centre-ville de Jarville n\u2019est pas assez attractif\u2009: \u00ab<strong>\u2009Les gens ne s\u2019y prom\u00e8nent pas.<\/strong> Il y a peu d\u2019animations et cela fait deux ans qu\u2019il n\u2019y a pas eu de braderies.\u2009\u00bb<\/p>\n<p class=\" wall-content\">N\u00e9anmoins, elle reconna\u00eet que la mairie a \u00e9t\u00e9 \u00e0 son \u00e9coute en lui accordant <strong>deux places \u00ab\u2009arr\u00eat minute\u2009\u00bb de 45\u00a0minutes au lieu de 30<\/strong>\u2009: \u00ab\u2009Quand des mamans viennent me d\u00e9poser des habits \u00e0 vendre et que je dois tout regarder, les 30\u00a0minutes n\u2019\u00e9taient pas suffisantes.\u2009\u00bb<\/p>\n<p>Votre r\u00e9gion, votre actu !<\/p>\n<p>Recevez chaque jour les infos qui comptent pour vous.<\/p>\n<p>\t<a href=\"https:\/\/actu.fr\/newsletter\" class=\"ac-btn ac-btn--corner ac-btn--medium ac-btn--blue800\" target=\"_blank\" rel=\"noopener\">S&rsquo;incrire<\/a><br \/>\nUne r\u00e9flexion en cours pour le retour de la braderie<\/p>\n<p class=\" wall-content\">Contact\u00e9, Vincent Matheron, maire de Jarville, indique que \u00ab\u2009les animations commerciales rel\u00e8vent autant de la Ville que de l\u2019Association des commer\u00e7ants\u2009\u00bb et <strong>regrette que celle-ci \u00ab\u2009ne f\u00e9d\u00e8re plus les commer\u00e7ants locaux\u2009\u00bb<\/strong>.<\/p>\n<p class=\" wall-content\">Plusieurs formules de braderie ont \u00e9t\u00e9 test\u00e9es depuis 2020, pr\u00e9sentant \u00ab\u2009des avantages et des inconv\u00e9nients\u2009\u00bb, selon le maire\u2009: \u00ab\u2009Apr\u00e8s un recensement des attentes des commer\u00e7ants locaux au cours des derniers mois,<strong> une r\u00e9flexion est actuellement ouverte avec un syndicat des commer\u00e7ants ambulants pour trouver la formule la plus pertinente et la plus attractive.<\/strong>\u2009\u00bb<\/p>\n<p class=\" wall-content\">Enfin, l\u2019\u00e9lu rappelle que <strong>la mise en place du stationnement payant \u00ab\u2009a permis de r\u00e9pondre \u00e0 un probl\u00e8me majeur<\/strong>\u2009: le manque de fluidit\u00e9 du stationnement avec des v\u00e9hicules en stationnement \u00e0 la journ\u00e9e, voire des v\u00e9hicules ventouses\u2009\u00bb.<\/p>\n<p class=\" wall-content\">Personnalisez votre actualit\u00e9 en ajoutant vos villes et m\u00e9dias en favori avec <a href=\"https:\/\/moncompte.actu.fr\" title=\"D\u00e9couvez Mon Actu\" rel=\"nofollow noopener\" data-trk=\"{&quot;cta&quot;:{&quot;action&quot;:&quot;https:\\\/\\\/moncompte.actu.fr&quot;,&quot;category&quot;:&quot;mon compte&quot;,&quot;from&quot;:&quot;article footer&quot;,&quot;name&quot;:&quot;Mon actu&quot;,&quot;type&quot;:&quot;cta&quot;}}\" target=\"_blank\">Mon Actu<\/a>.<\/p>\n","protected":false},"excerpt":{"rendered":"Par Paul-Emile Bouchy Publi\u00e9 le 30 oct. 2025 \u00e0 12h23 Alors que le stationnement est payant depuis le&hellip;\n","protected":false},"author":2,"featured_media":499874,"comment_status":"","ping_status":"","sticky":false,"template":"","format":"standard","meta":{"footnotes":""},"categories":[9635],"tags":[1111,11,215,1777,674,1011,27,775,1702,12,25,104,6173],"class_list":{"0":"post-499873","1":"post","2":"type-post","3":"status-publish","4":"format-standard","5":"has-post-thumbnail","7":"category-nancy","8":"tag-actu","9":"tag-actualites","10":"tag-commerce","11":"tag-eu","12":"tag-europe","13":"tag-fr","14":"tag-france","15":"tag-grand-est","16":"tag-nancy","17":"tag-news","18":"tag-republique-francaise","19":"tag-societe","20":"tag-stationnement"},"share_on_mastodon":{"url":"https:\/\/pubeurope.com\/@fr\/115462983239759939","error":""},"_links":{"self":[{"href":"https:\/\/www.europesays.com\/fr\/wp-json\/wp\/v2\/posts\/499873","targetHints":{"allow":["GET"]}}],"collection":[{"href":"https:\/\/www.europesays.com\/fr\/wp-json\/wp\/v2\/posts"}],"about":[{"href":"https:\/\/www.europesays.com\/fr\/wp-json\/wp\/v2\/types\/post"}],"author":[{"embeddable":true,"href":"https:\/\/www.europesays.com\/fr\/wp-json\/wp\/v2\/users\/2"}],"replies":[{"embeddable":true,"href":"https:\/\/www.europesays.com\/fr\/wp-json\/wp\/v2\/comments?post=499873"}],"version-history":[{"count":0,"href":"https:\/\/www.europesays.com\/fr\/wp-json\/wp\/v2\/posts\/499873\/revisions"}],"wp:featuredmedia":[{"embeddable":true,"href":"https:\/\/www.europesays.com\/fr\/wp-json\/wp\/v2\/media\/499874"}],"wp:attachment":[{"href":"https:\/\/www.europesays.com\/fr\/wp-json\/wp\/v2\/media?parent=499873"}],"wp:term":[{"taxonomy":"category","embeddable":true,"href":"https:\/\/www.europesays.com\/fr\/wp-json\/wp\/v2\/categories?post=499873"},{"taxonomy":"post_tag","embeddable":true,"href":"https:\/\/www.europesays.com\/fr\/wp-json\/wp\/v2\/tags?post=499873"}],"curies":[{"name":"wp","href":"https:\/\/api.w.org\/{rel}","templated":true}]}}