{"id":49988,"date":"2025-04-24T20:05:14","date_gmt":"2025-04-24T20:05:14","guid":{"rendered":"https:\/\/www.europesays.com\/fr\/49988\/"},"modified":"2025-04-24T20:05:14","modified_gmt":"2025-04-24T20:05:14","slug":"pari-reussi-pour-noers-autour-du-clocher","status":"publish","type":"post","link":"https:\/\/www.europesays.com\/fr\/49988\/","title":{"rendered":"pari r\u00e9ussi pour No\u00ebrs autour du clocher"},"content":{"rendered":"<p>Le pari est r\u00e9ussi pour\u00a0No\u00ebrs autour du clocher qui avait pour ambition de faire mieux que les \u00e9ditions pr\u00e9c\u00e9dentes au profit de l\u2019Ar\u00e9mig de Nancy et d\u00e9passer les 5000 \u20ac r\u00e9colt\u00e9s. Le gain revers\u00e9 \u00e0 l\u2019\u0153uvre nanc\u00e9ienne qui vient en aide \u00e0 des enfants atteints de maladies rares, s\u2019\u00e9l\u00e8ve \u00e0 5\u00a0011,78\u00a0\u20ac. Cette somme vient s\u2019ajouter aux 25\u00a0000\u00a0\u20ac d\u00e9j\u00e0 vers\u00e9s lors des 5 marches pr\u00e9c\u00e9dentes.<\/p>\n<p>Un beau succ\u00e8s pour la trentaine de b\u00e9n\u00e9voles qui ont accueilli plus de 600 marcheurs et servis 500 repas le dimanche 6\u00a0avril au d\u00e9part de la salle Brassens de Longuyon.<\/p>\n","protected":false},"excerpt":{"rendered":"Le pari est r\u00e9ussi pour\u00a0No\u00ebrs autour du clocher qui avait pour ambition de faire mieux que les \u00e9ditions&hellip;\n","protected":false},"author":2,"featured_media":49989,"comment_status":"","ping_status":"","sticky":false,"template":"","format":"standard","meta":{"footnotes":""},"categories":[9635],"tags":[1111,11,14237,14238,1777,674,1011,27,775,14236,1702,12,25,104,1631],"class_list":{"0":"post-49988","1":"post","2":"type-post","3":"status-publish","4":"format-standard","5":"has-post-thumbnail","7":"category-nancy","8":"tag-actu","9":"tag-actualites","10":"tag-cc-terre-lorraine-du-longuyonnais-54e","11":"tag-edition-longwy","12":"tag-eu","13":"tag-europe","14":"tag-fr","15":"tag-france","16":"tag-grand-est","17":"tag-longuyon","18":"tag-nancy","19":"tag-news","20":"tag-republique-francaise","21":"tag-societe","22":"tag-vie-associative"},"share_on_mastodon":{"url":"https:\/\/pubeurope.com\/@fr\/114394741083979112","error":""},"_links":{"self":[{"href":"https:\/\/www.europesays.com\/fr\/wp-json\/wp\/v2\/posts\/49988","targetHints":{"allow":["GET"]}}],"collection":[{"href":"https:\/\/www.europesays.com\/fr\/wp-json\/wp\/v2\/posts"}],"about":[{"href":"https:\/\/www.europesays.com\/fr\/wp-json\/wp\/v2\/types\/post"}],"author":[{"embeddable":true,"href":"https:\/\/www.europesays.com\/fr\/wp-json\/wp\/v2\/users\/2"}],"replies":[{"embeddable":true,"href":"https:\/\/www.europesays.com\/fr\/wp-json\/wp\/v2\/comments?post=49988"}],"version-history":[{"count":0,"href":"https:\/\/www.europesays.com\/fr\/wp-json\/wp\/v2\/posts\/49988\/revisions"}],"wp:featuredmedia":[{"embeddable":true,"href":"https:\/\/www.europesays.com\/fr\/wp-json\/wp\/v2\/media\/49989"}],"wp:attachment":[{"href":"https:\/\/www.europesays.com\/fr\/wp-json\/wp\/v2\/media?parent=49988"}],"wp:term":[{"taxonomy":"category","embeddable":true,"href":"https:\/\/www.europesays.com\/fr\/wp-json\/wp\/v2\/categories?post=49988"},{"taxonomy":"post_tag","embeddable":true,"href":"https:\/\/www.europesays.com\/fr\/wp-json\/wp\/v2\/tags?post=49988"}],"curies":[{"name":"wp","href":"https:\/\/api.w.org\/{rel}","templated":true}]}}