{"id":499889,"date":"2025-10-30T12:03:15","date_gmt":"2025-10-30T12:03:15","guid":{"rendered":"https:\/\/www.europesays.com\/fr\/499889\/"},"modified":"2025-10-30T12:03:15","modified_gmt":"2025-10-30T12:03:15","slug":"insolite-quand-des-chefs-dentreprise-de-grenoble-marchaient-pieds-nus-sur-le-feu","status":"publish","type":"post","link":"https:\/\/www.europesays.com\/fr\/499889\/","title":{"rendered":"Insolite. Quand des chefs d&rsquo;entreprise de Grenoble marchaient pieds nus sur\u00a0le feu&#8230;"},"content":{"rendered":"<p>L&rsquo;activit\u00e9 est br\u00fblante.\u00a0Des chefs d&rsquo;entreprise grenoblois s&rsquo;adonnent \u00e0 une pratique peu commune\u00a0: marcher sur des braises&#8230; pieds nus !\u00a0La sc\u00e8ne se d\u00e9roule en 1987\u00a0: c&rsquo;est une archive d\u00e9voil\u00e9e par l&rsquo;Institut national de l&rsquo;audiovisuel (Ina) ce jeudi 30 octobre.<\/p>\n<p>Apr\u00e8s une petite pr\u00e9paration physique, les patrons hurlent avant de monter sur le feu, sans doute pour ext\u00e9rioriser, se rassurer.\u00a0\u00ab\u00a0On ne sait pas du tout comment \u00e7a va se passer\u00a0\u00bb, confie l&rsquo;un d&rsquo;entre eux, pas totalement tranquille.<\/p>\n<p>Ce contenu est bloqu\u00e9 car vous n&rsquo;avez pas accept\u00e9 les cookies et autres traceurs.<\/p>\n<p>En cliquant sur \u00ab J\u2019accepte \u00bb, les cookies et autres traceurs seront d\u00e9pos\u00e9s et vous pourrez visualiser les contenus  (<a href=\"\" class=\"consentModule_policy\" target=\"_blank\" title=\"Consulter la politique de protection des donn\u00e9es du fournisseur\">plus d&rsquo;informations<\/a>).<\/p>\n<p>En cliquant sur \u00ab J\u2019accepte tous les cookies \u00bb, vous autorisez des d\u00e9p\u00f4ts de cookies et autres traceurs pour le stockage de vos donn\u00e9es sur nos sites et applications \u00e0 des fins de personnalisation et de ciblage publicitaire.<\/p>\n<p class=\"consentModule_secondaryText\">Vous gardez la possibilit\u00e9 de retirer votre consentement \u00e0 tout moment en consultant notre <a href=\"https:\/\/www.ledauphine.com\/protection-des-donnees\" target=\"_blank\" title=\"Consulter notre politique de protection des donn\u00e9es\" rel=\"noopener\">politique de protection des donn\u00e9es<\/a>. <br \/>&#13;<br \/>\n            <a href=\"https:\/\/www.ledauphine.com\/insolite\/2025\/10\/30\/javascript:Didomi.notice.show()\" class=\"consentModule_cmp\" target=\"_blank\" rel=\"noopener\">G\u00e9rer mes choix<\/a>&#13;\n        <\/p>\n<p>&#13;<br \/>\n                        J&rsquo;accepte&#13;<br \/>\n            J&rsquo;accepte tous les cookies&#13;\n        <\/p>\n<p>  \u00ab\u00a0On a une peur bleue de monter l\u00e0-dessus\u00a0\u00bb<\/p>\n<p>Le m\u00eame dirigeant continue\u00a0: \u00ab\u00a0On a une peur bleue de monter l\u00e0-dessus, mais si on arrive \u00e0 passer l\u00e0-dessus, je crois qu&rsquo;on va pouvoir passer sur pas mal d&rsquo;autres choses. \u00bb L&rsquo;activit\u00e9 est originale, mais fait en effet partie d&rsquo;un s\u00e9minaire tout \u00e0 fait s\u00e9rieux. Elle\u00a0se pratique m\u00eame d\u00e9j\u00e0\u00a0aux \u00c9tats-Unis.<\/p>\n<p>Mais dans quel but\u00a0? \u00ab\u00a0Se prouver qu&rsquo;ils sont capables de vaincre leurs peurs, et de r\u00e9ussir dans leur vie professionnelle\u00a0\u00bb, raconte le documentaire. La m\u00e9thode permettrait \u00e0 ces patrons d&rsquo;am\u00e9liorer leur fa\u00e7on de diriger leurs entreprises et\u00a0devenir plus performants.<\/p>\n<p>Apr\u00e8s trois ou quatre pas sur les braises surchauff\u00e9es, l&rsquo;exp\u00e9rience semble finalement concluante, presque agr\u00e9able, pour un autre patron de Grenoble. \u00ab\u00a0C&rsquo;est tr\u00e8s impressionnant avant. Et puis on passe. Mais c&rsquo;est terrible juste avant\u00a0! \u00bb<\/p>\n","protected":false},"excerpt":{"rendered":"L&rsquo;activit\u00e9 est br\u00fblante.\u00a0Des chefs d&rsquo;entreprise grenoblois s&rsquo;adonnent \u00e0 une pratique peu commune\u00a0: marcher sur des braises&#8230; pieds nus&hellip;\n","protected":false},"author":2,"featured_media":499890,"comment_status":"","ping_status":"","sticky":false,"template":"","format":"standard","meta":{"footnotes":""},"categories":[9566],"tags":[1111,11,2430,33,112,1777,674,107,1011,27,329,2731,1757,108,12,25,273,104,2205],"class_list":{"0":"post-499889","1":"post","2":"type-post","3":"status-publish","4":"format-standard","5":"has-post-thumbnail","7":"category-grenoble","8":"tag-actu","9":"tag-actualites","10":"tag-auvergne-rhone-alpes","11":"tag-economie","12":"tag-edition-grenoble-agglomeration","13":"tag-eu","14":"tag-europe","15":"tag-fil-info","16":"tag-fr","17":"tag-france","18":"tag-france-monde","19":"tag-grenoble","20":"tag-insolite","21":"tag-isere","22":"tag-news","23":"tag-republique-francaise","24":"tag-selection-de-la-redaction","25":"tag-societe","26":"tag-television-medias"},"share_on_mastodon":{"url":"https:\/\/pubeurope.com\/@fr\/115463022513679982","error":""},"_links":{"self":[{"href":"https:\/\/www.europesays.com\/fr\/wp-json\/wp\/v2\/posts\/499889","targetHints":{"allow":["GET"]}}],"collection":[{"href":"https:\/\/www.europesays.com\/fr\/wp-json\/wp\/v2\/posts"}],"about":[{"href":"https:\/\/www.europesays.com\/fr\/wp-json\/wp\/v2\/types\/post"}],"author":[{"embeddable":true,"href":"https:\/\/www.europesays.com\/fr\/wp-json\/wp\/v2\/users\/2"}],"replies":[{"embeddable":true,"href":"https:\/\/www.europesays.com\/fr\/wp-json\/wp\/v2\/comments?post=499889"}],"version-history":[{"count":0,"href":"https:\/\/www.europesays.com\/fr\/wp-json\/wp\/v2\/posts\/499889\/revisions"}],"wp:featuredmedia":[{"embeddable":true,"href":"https:\/\/www.europesays.com\/fr\/wp-json\/wp\/v2\/media\/499890"}],"wp:attachment":[{"href":"https:\/\/www.europesays.com\/fr\/wp-json\/wp\/v2\/media?parent=499889"}],"wp:term":[{"taxonomy":"category","embeddable":true,"href":"https:\/\/www.europesays.com\/fr\/wp-json\/wp\/v2\/categories?post=499889"},{"taxonomy":"post_tag","embeddable":true,"href":"https:\/\/www.europesays.com\/fr\/wp-json\/wp\/v2\/tags?post=499889"}],"curies":[{"name":"wp","href":"https:\/\/api.w.org\/{rel}","templated":true}]}}