{"id":499893,"date":"2025-10-30T12:05:15","date_gmt":"2025-10-30T12:05:15","guid":{"rendered":"https:\/\/www.europesays.com\/fr\/499893\/"},"modified":"2025-10-30T12:05:15","modified_gmt":"2025-10-30T12:05:15","slug":"apres-un-controle-inopine-dun-vehicule-les-policiers-font-une-belle-prise-lors-dune-perquisition","status":"publish","type":"post","link":"https:\/\/www.europesays.com\/fr\/499893\/","title":{"rendered":"apr\u00e8s un contr\u00f4le inopin\u00e9 d&rsquo;un v\u00e9hicule, les policiers font une \u00ab\u00a0belle prise\u00a0\u00bb lors d&rsquo;une perquisition"},"content":{"rendered":"<p>            Par<br \/>\n        <strong><br \/>\n            <a href=\"https:\/\/actu.fr\/auteur\/brian-legoff\" title=\"Consulter tous les articles de Brian Le Goff\" target=\"_blank\" rel=\"noopener\">Brian Le Goff<\/a><br \/>\n        <\/strong><\/p>\n<p>        Publi\u00e9 le<\/p>\n<p>            30 oct. 2025 \u00e0 12h41        <\/p>\n<p><strong>Mettre la main sur un trafic<\/strong> de <a href=\"https:\/\/actu.fr\/tag\/drogue\" target=\"_blank\" rel=\"noopener\">drogues<\/a> <strong>ne<\/strong> <strong>tient parfois \u00e0 pas grand-chose<\/strong> si ce n\u2019est au flair des policiers sur le terrain. \u00c0 <a href=\"https:\/\/actu.fr\/rennes\/\" target=\"_blank\" rel=\"noopener\">Rennes<\/a>, dans la <strong>nuit du jeudi\u00a023 au vendredi 24<\/strong>\u00a0octobre 2025, un \u00e9quipage de <a href=\"https:\/\/actu.fr\/tag\/police\" target=\"_blank\" rel=\"noopener\">police<\/a> contr\u00f4le un <strong>v\u00e9hicule qui venait d\u2019effectuer une infraction<\/strong> au code de la route.<\/p>\n<p class=\" wall-content\">\u00c0 l\u2019int\u00e9rieur, un <strong>homme<\/strong>, n\u00e9 en 2004, <strong>une femme<\/strong>, n\u00e9e en 1999\u2026 Et un <strong>sachet<\/strong> plastique avec de la <strong>coca\u00efne<\/strong>.<\/p>\n<p class=\" wall-content\">Les deux occupants du v\u00e9hicule sont <strong>interpell\u00e9s et plac\u00e9s en garde \u00e0 vue<\/strong>. Pendant cette derni\u00e8re, une <strong>perquisition<\/strong> \u00e0 leur domicile est effectu\u00e9e. Sur place, les policiers vont faire une <strong>\u00ab\u2009belle prise\u2009\u00bb<\/strong>.<\/p>\n<p>Cannabis, h\u00e9ro\u00efne, k\u00e9tamine, coca\u00efne\u2026<\/p>\n<p class=\" wall-content\">R\u00e9sine et herbe de cannabis, h\u00e9ro\u00efne, k\u00e9tamine, coca\u00efne sont d\u00e9couverts. En somme, c\u2019est donc une quantit\u00e9 importante de drogues qui est saisie, <strong>ainsi qu\u2019une grosse somme d\u2019argent en esp\u00e8ces.<\/strong><\/p>\n<p class=\" wall-content\">\u00c0 l\u2019issue de leur garde \u00e0 vue, les deux pr\u00e9venus ont \u00e9t\u00e9 plac\u00e9s en d\u00e9tention provisoire et <strong>condamn\u00e9s, mardi 28\u00a0octobre, \u00e0 24\u00a0mois de prison avec sursis<\/strong> chacun.<\/p>\n<p class=\" wall-content\">Personnalisez votre actualit\u00e9 en ajoutant vos villes et m\u00e9dias en favori avec <a href=\"https:\/\/moncompte.actu.fr\" title=\"D\u00e9couvez Mon Actu\" rel=\"nofollow noopener\" data-trk=\"{&quot;cta&quot;:{&quot;action&quot;:&quot;https:\\\/\\\/moncompte.actu.fr&quot;,&quot;category&quot;:&quot;mon compte&quot;,&quot;from&quot;:&quot;article footer&quot;,&quot;name&quot;:&quot;Mon actu&quot;,&quot;type&quot;:&quot;cta&quot;}}\" target=\"_blank\">Mon Actu<\/a>.<\/p>\n","protected":false},"excerpt":{"rendered":"Par Brian Le Goff Publi\u00e9 le 30 oct. 2025 \u00e0 12h41 Mettre la main sur un trafic de&hellip;\n","protected":false},"author":2,"featured_media":499894,"comment_status":"","ping_status":"","sticky":false,"template":"","format":"standard","meta":{"footnotes":""},"categories":[2821],"tags":[1111,11,829,1052,1777,674,118,1011,27,303,12,1072,584,25],"class_list":{"0":"post-499893","1":"post","2":"type-post","3":"status-publish","4":"format-standard","5":"has-post-thumbnail","7":"category-rennes","8":"tag-actu","9":"tag-actualites","10":"tag-bretagne","11":"tag-drogue","12":"tag-eu","13":"tag-europe","14":"tag-faits-divers","15":"tag-fr","16":"tag-france","17":"tag-justice","18":"tag-news","19":"tag-police","20":"tag-rennes","21":"tag-republique-francaise"},"share_on_mastodon":{"url":"https:\/\/pubeurope.com\/@fr\/115463030393120991","error":""},"_links":{"self":[{"href":"https:\/\/www.europesays.com\/fr\/wp-json\/wp\/v2\/posts\/499893","targetHints":{"allow":["GET"]}}],"collection":[{"href":"https:\/\/www.europesays.com\/fr\/wp-json\/wp\/v2\/posts"}],"about":[{"href":"https:\/\/www.europesays.com\/fr\/wp-json\/wp\/v2\/types\/post"}],"author":[{"embeddable":true,"href":"https:\/\/www.europesays.com\/fr\/wp-json\/wp\/v2\/users\/2"}],"replies":[{"embeddable":true,"href":"https:\/\/www.europesays.com\/fr\/wp-json\/wp\/v2\/comments?post=499893"}],"version-history":[{"count":0,"href":"https:\/\/www.europesays.com\/fr\/wp-json\/wp\/v2\/posts\/499893\/revisions"}],"wp:featuredmedia":[{"embeddable":true,"href":"https:\/\/www.europesays.com\/fr\/wp-json\/wp\/v2\/media\/499894"}],"wp:attachment":[{"href":"https:\/\/www.europesays.com\/fr\/wp-json\/wp\/v2\/media?parent=499893"}],"wp:term":[{"taxonomy":"category","embeddable":true,"href":"https:\/\/www.europesays.com\/fr\/wp-json\/wp\/v2\/categories?post=499893"},{"taxonomy":"post_tag","embeddable":true,"href":"https:\/\/www.europesays.com\/fr\/wp-json\/wp\/v2\/tags?post=499893"}],"curies":[{"name":"wp","href":"https:\/\/api.w.org\/{rel}","templated":true}]}}