{"id":499901,"date":"2025-10-30T12:09:12","date_gmt":"2025-10-30T12:09:12","guid":{"rendered":"https:\/\/www.europesays.com\/fr\/499901\/"},"modified":"2025-10-30T12:09:12","modified_gmt":"2025-10-30T12:09:12","slug":"un-groupe-dultradroite-rend-hommage-aux-victimes-de-lattentat-de-la-basilique-notre-dame","status":"publish","type":"post","link":"https:\/\/www.europesays.com\/fr\/499901\/","title":{"rendered":"un groupe d\u2019ultradroite rend hommage aux victimes de l\u2019attentat de la basilique Notre-Dame"},"content":{"rendered":"<p>\n    Les militants d\u2019Aquila Popularis, un groupuscule d\u2019ultradroite, se sont rassembl\u00e9s mercredi soir devant l\u2019\u00e9difice religieux, cinq ans apr\u00e8s l\u2019attentat qui avait co\u00fbt\u00e9 la vie \u00e0 trois personnes.<\/p>\n<p class=\"fig-paragraph\">Une centaine de personnes \u00e9tait rassembl\u00e9e mercredi soir \u00e0 l\u2019initiative du groupuscule d\u2019ultradroite\u00a0<a href=\"http:\/\/www.lefigaro.fr\/nice\/nice-la-statue-de-jeanne-d-arc-au-coeur-de-polemiques-de-nouveau-devant-la-justice-20250703\" data-fig-type=\"NewsFlash\" data-gtm-custom-categorie=\"navigation\" data-gtm-custom-action=\"crossclick\" data-gtm-custom-label=\"Contextuel\" data-gtm-event=\"customEventSPE\" data-fig-domain=\"LEFIGARO\" rel=\"nofollow noopener\" target=\"_blank\">Aquila Popularis<\/a>\u00a0devant la basilique Notre-Dame de l\u2019Assomption, \u00e0 Nice (Alpes-Maritimes), cinq ans apr\u00e8s l\u2019attentat qui y a \u00e9t\u00e9 perp\u00e9tr\u00e9.<\/p>\n<p class=\"fig-paragraph\">Dans un post Instagram publi\u00e9 par le compte officiel de cette \u00abcommunaut\u00e9 militante enracin\u00e9e au sein de la r\u00e9gion ni\u00e7oise\u00bb, selon ses propres termes, la vid\u00e9o du rassemblement a \u00e9t\u00e9 diffus\u00e9e. Dans cet extrait, les militants, \u00abplus de 200\u00bb, tous v\u00eatus de noirs et majoritairement des hommes, ont brandi des drapeaux fran\u00e7ais et ni\u00e7ois, et d\u00e9pos\u00e9 une gerbe de fleurs portant l\u2019inscription \u00ab\u00c0 nos martyrs\u00bb. La publication s\u2019accompagne de ce message\u00a0: \u00abTu\u00e9s parce qu\u2019ils \u00e9taient Fran\u00e7ais, parce qu\u2019ils \u00e9taient chr\u00e9tiens. Cinq ans apr\u00e8s, notre \u00e9motion, notre col\u00e8re et notre d\u00e9termination demeurent intactes. Nous \u00e9tions pr\u00e9sents pour leur rendre hommage, mais aussi pour refuser l\u2019oubli et affirmer notre volont\u00e9 de ne jamais nous soumettre face \u00e0 la barbarie islamiste\u00bb.<\/p>\n<p>                                    <a class=\"fig-a11y-skip a11y-hidden\" href=\"#fig-a11y-skip-main-inarticle\"><br \/>\n        Passer la publicit\u00e9<br \/>\n    <\/a><\/p>\n<p class=\"fig-paragraph\">Le 29 octobre 2020, un terroriste islamiste, Brahim Issaoui, avait fait irruption au sein de l\u2019\u00e9difice religieux et\u00a0<a href=\"http:\/\/www.lefigaro.fr\/faits-divers\/attentat-de-la-basilique-de-nice-la-reclusion-criminelle-a-perpetuite-requise-contre-le-terroriste-20250226\" data-fig-type=\"NewsFlash\" data-gtm-custom-categorie=\"navigation\" data-gtm-custom-action=\"crossclick\" data-gtm-custom-label=\"Contextuel\" data-gtm-event=\"customEventSPE\" data-fig-domain=\"LEFIGARO\" rel=\"nofollow noopener\" target=\"_blank\">poignard\u00e9 mortellement trois personnes<\/a>. Une c\u00e9r\u00e9monie d\u2019hommage avait eu lieu mercredi matin \u00e0 l\u2019int\u00e9rieur de la basilique.<\/p>\n<p class=\"fig-body-link\">\n            \u00c0 lire aussi<br \/>\n        <a class=\"fig-body-link__link fig-premium-mark\" href=\"http:\/\/www.lefigaro.fr\/faits-divers\/proces-de-l-attentat-de-la-basilique-de-nice-l-accuse-plaide-l-amnesie-et-provoque-la-colere-des-parties-civiles-20250210\" data-fig-type=\"NewsFlash\" data-gtm-custom-categorie=\"navigation\" data-gtm-custom-action=\"crossclick\" data-gtm-custom-label=\"Contextuel\" data-gtm-event=\"customEventSPE\" data-fig-domain=\"LEFIGARO\" rel=\"nofollow noopener\" target=\"_blank\"><\/p>\n<p>        Proc\u00e8s de l\u2019attentat de la basilique de Nice\u00a0: l\u2019accus\u00e9 plaide l\u2019amn\u00e9sie et provoque la col\u00e8re des parties civiles<br \/>\n    <\/a>\n<\/p>\n<p class=\"fig-paragraph\">En septembre dernier, un autre rassemblement avait \u00e9t\u00e9 organis\u00e9 par ce groupuscule devant le Monument aux morts. Les membres de ce groupuscule avaient alors brandi une banderole portant l\u2019inscription \u00abViens enlever mon drapeau\u00bb, autour de drapeaux fran\u00e7ais.<\/p>\n","protected":false},"excerpt":{"rendered":"Les militants d\u2019Aquila Popularis, un groupuscule d\u2019ultradroite, se sont rassembl\u00e9s mercredi soir devant l\u2019\u00e9difice religieux, cinq ans apr\u00e8s&hellip;\n","protected":false},"author":2,"featured_media":499902,"comment_status":"","ping_status":"","sticky":false,"template":"","format":"standard","meta":{"footnotes":""},"categories":[2819],"tags":[1111,11,22696,62222,1777,674,1076,1011,27,12,2401,882,25],"class_list":{"0":"post-499901","1":"post","2":"type-post","3":"status-publish","4":"format-standard","5":"has-post-thumbnail","7":"category-nice","8":"tag-actu","9":"tag-actualites","10":"tag-attaque-terroriste","11":"tag-attentat-de-nice","12":"tag-eu","13":"tag-europe","14":"tag-extreme-droite","15":"tag-fr","16":"tag-france","17":"tag-news","18":"tag-nice","19":"tag-provence-alpes-cote-dazur","20":"tag-republique-francaise"},"share_on_mastodon":{"url":"https:\/\/pubeurope.com\/@fr\/115463046064156904","error":""},"_links":{"self":[{"href":"https:\/\/www.europesays.com\/fr\/wp-json\/wp\/v2\/posts\/499901","targetHints":{"allow":["GET"]}}],"collection":[{"href":"https:\/\/www.europesays.com\/fr\/wp-json\/wp\/v2\/posts"}],"about":[{"href":"https:\/\/www.europesays.com\/fr\/wp-json\/wp\/v2\/types\/post"}],"author":[{"embeddable":true,"href":"https:\/\/www.europesays.com\/fr\/wp-json\/wp\/v2\/users\/2"}],"replies":[{"embeddable":true,"href":"https:\/\/www.europesays.com\/fr\/wp-json\/wp\/v2\/comments?post=499901"}],"version-history":[{"count":0,"href":"https:\/\/www.europesays.com\/fr\/wp-json\/wp\/v2\/posts\/499901\/revisions"}],"wp:featuredmedia":[{"embeddable":true,"href":"https:\/\/www.europesays.com\/fr\/wp-json\/wp\/v2\/media\/499902"}],"wp:attachment":[{"href":"https:\/\/www.europesays.com\/fr\/wp-json\/wp\/v2\/media?parent=499901"}],"wp:term":[{"taxonomy":"category","embeddable":true,"href":"https:\/\/www.europesays.com\/fr\/wp-json\/wp\/v2\/categories?post=499901"},{"taxonomy":"post_tag","embeddable":true,"href":"https:\/\/www.europesays.com\/fr\/wp-json\/wp\/v2\/tags?post=499901"}],"curies":[{"name":"wp","href":"https:\/\/api.w.org\/{rel}","templated":true}]}}