{"id":499909,"date":"2025-10-30T12:13:10","date_gmt":"2025-10-30T12:13:10","guid":{"rendered":"https:\/\/www.europesays.com\/fr\/499909\/"},"modified":"2025-10-30T12:13:10","modified_gmt":"2025-10-30T12:13:10","slug":"le-jardin-de-la-place-gambetta-pourrait-porter-le-nom-de-lancien-maire-nicolas-florian","status":"publish","type":"post","link":"https:\/\/www.europesays.com\/fr\/499909\/","title":{"rendered":"le jardin de la place Gambetta pourrait porter le nom de l\u2019ancien maire Nicolas Florian"},"content":{"rendered":"<p>\n    Nicolas Florian est d\u00e9c\u00e9d\u00e9 subitement le 26 janvier dernier, \u00e0 l\u2019\u00e2ge de 55 ans, \u00e0 la suite d\u2019un AVC. Pierre Hurmic, l\u2019\u00e9dile actuel, avait promis de lui rendre hommage.<\/p>\n<p class=\"fig-paragraph\">Neuf mois apr\u00e8s\u00a0<a href=\"https:\/\/www.lefigaro.fr\/bordeaux\/un-homme-d-action-un-grand-elu-bordeaux-sous-le-choc-apres-la-mort-de-son-ancien-maire-nicolas-florian-20250127?msockid=258c4318a154643d05395665a0ed65f9\" target=\"_blank\" data-fig-type=\"NewsFlash\" rel=\"sponsored noopener\" data-gtm-custom-categorie=\"navigation\" data-gtm-custom-action=\"crossclick\" data-gtm-custom-label=\"Contextuel\" data-gtm-event=\"customEventSPE\" data-fig-domain=\"LEFIGARO\">la soudaine disparition de l\u2019ancien maire de Bordeaux<\/a>, un espace public devrait prochainement porter son nom. D\u2019apr\u00e8s une information d\u2019Actu Bordeaux confirm\u00e9e au Figaro, la commission municipale de viographie, charg\u00e9e des d\u00e9nominations des espaces publics, a rendu le 16 octobre un avis favorable pour que le jardin de la place Gambetta prenne le nom de \u00abjardin Nicolas Florian\u00bb. Le conseil municipal se prononcera sur ce projet le 16 d\u00e9cembre prochain.<\/p>\n<p class=\"fig-paragraph\">D\u00e9c\u00e9d\u00e9 brutalement le 26 janvier 2025, l\u2019ancien maire de\u00a0<a href=\"http:\/\/www.lefigaro.fr\/bordeaux\/des-conditions-de-travail-abjectes-a-bordeaux-les-commercants-d-un-marche-entre-insecurite-et-insalubrite-20251030\" data-fig-type=\"NewsFlash\" data-gtm-custom-categorie=\"navigation\" data-gtm-custom-action=\"crossclick\" data-gtm-custom-label=\"Contextuel\" data-gtm-event=\"customEventSPE\" data-fig-domain=\"LEFIGARO\" target=\"_blank\" rel=\"noopener\">Bordeaux<\/a>\u00a0avait inaugur\u00e9 cette place embl\u00e9matique en octobre 2021, apr\u00e8s trois ans de travaux de r\u00e9novation.\u00a0<a href=\"https:\/\/www.lefigaro.fr\/bordeaux\/a-bordeaux-une-celebre-place-de-la-ville-rebaptisee-place-nicolas-florian-20250313?msockid=258c4318a154643d05395665a0ed65f9\" target=\"_blank\" data-fig-type=\"NewsFlash\" rel=\"sponsored noopener\" data-gtm-custom-categorie=\"navigation\" data-gtm-custom-action=\"crossclick\" data-gtm-custom-label=\"Contextuel\" data-gtm-event=\"customEventSPE\" data-fig-domain=\"LEFIGARO\">Ses proches esp\u00e9raient d\u2019abord qu\u2019elle soit rebaptis\u00e9e \u00e0 son nom<\/a>, proposition rejet\u00e9e par la majorit\u00e9 actuelle. Ils ont alors sugg\u00e9r\u00e9 que les jardins, encore d\u00e9pourvus de d\u00e9nomination, portent son nom. Une solution jug\u00e9e plus \u00e9quilibr\u00e9e, \u00e0 laquelle la commission s\u2019est montr\u00e9e favorable.<\/p>\n<p>                                    <a class=\"fig-a11y-skip a11y-hidden\" href=\"#fig-a11y-skip-main-inarticle\"><br \/>\n        Passer la publicit\u00e9<br \/>\n    <\/a><\/p>\n<p>Un buste dans la salle du conseil municipal<\/p>\n<p class=\"fig-paragraph\">Le maire Pierre Hurmic, successeur de Nicolas Florian, s\u2019\u00e9tait engag\u00e9 d\u00e8s l\u2019annonce du d\u00e9c\u00e8s \u00e0 lui rendre hommage. Un buste de l\u2019ancien \u00e9dile sera d\u2019ailleurs install\u00e9 dans la salle du conseil municipal, comme le veut la tradition bordelaise pour les anciens maires d\u00e9c\u00e9d\u00e9s.<\/p>\n<p class=\"fig-paragraph\">Si le vote de d\u00e9cembre confirme la proposition, le \u00abjardin Nicolas Florian\u00bb viendra rappeler, au c\u0153ur de la ville, le souvenir de celui qui fut le successeur d\u2019Alain Jupp\u00e9 \u00e0 la t\u00eate du palais Rohan en 2019.<\/p>\n<p class=\"fig-paragraph\">Nicolas Florian avait exerc\u00e9 la fonction de maire de Bordeaux pendant un peu plus d\u2019un an, avant d\u2019\u00eatre battu par l\u2019\u00e9cologiste Pierre Hurmic aux \u00e9lections municipales de 2020.<\/p>\n","protected":false},"excerpt":{"rendered":"Nicolas Florian est d\u00e9c\u00e9d\u00e9 subitement le 26 janvier dernier, \u00e0 l\u2019\u00e2ge de 55 ans, \u00e0 la suite d\u2019un&hellip;\n","protected":false},"author":2,"featured_media":499910,"comment_status":"","ping_status":"","sticky":false,"template":"","format":"standard","meta":{"footnotes":""},"categories":[2817],"tags":[1111,11,1997,1777,674,1011,27,4879,12,12414,2219,25],"class_list":{"0":"post-499909","1":"post","2":"type-post","3":"status-publish","4":"format-standard","5":"has-post-thumbnail","7":"category-bordeaux","8":"tag-actu","9":"tag-actualites","10":"tag-bordeaux","11":"tag-eu","12":"tag-europe","13":"tag-fr","14":"tag-france","15":"tag-hommage","16":"tag-news","17":"tag-nicolas-florian","18":"tag-nouvelle-aquitaine","19":"tag-republique-francaise"},"share_on_mastodon":{"url":"https:\/\/pubeurope.com\/@fr\/115463061884498994","error":""},"_links":{"self":[{"href":"https:\/\/www.europesays.com\/fr\/wp-json\/wp\/v2\/posts\/499909","targetHints":{"allow":["GET"]}}],"collection":[{"href":"https:\/\/www.europesays.com\/fr\/wp-json\/wp\/v2\/posts"}],"about":[{"href":"https:\/\/www.europesays.com\/fr\/wp-json\/wp\/v2\/types\/post"}],"author":[{"embeddable":true,"href":"https:\/\/www.europesays.com\/fr\/wp-json\/wp\/v2\/users\/2"}],"replies":[{"embeddable":true,"href":"https:\/\/www.europesays.com\/fr\/wp-json\/wp\/v2\/comments?post=499909"}],"version-history":[{"count":0,"href":"https:\/\/www.europesays.com\/fr\/wp-json\/wp\/v2\/posts\/499909\/revisions"}],"wp:featuredmedia":[{"embeddable":true,"href":"https:\/\/www.europesays.com\/fr\/wp-json\/wp\/v2\/media\/499910"}],"wp:attachment":[{"href":"https:\/\/www.europesays.com\/fr\/wp-json\/wp\/v2\/media?parent=499909"}],"wp:term":[{"taxonomy":"category","embeddable":true,"href":"https:\/\/www.europesays.com\/fr\/wp-json\/wp\/v2\/categories?post=499909"},{"taxonomy":"post_tag","embeddable":true,"href":"https:\/\/www.europesays.com\/fr\/wp-json\/wp\/v2\/tags?post=499909"}],"curies":[{"name":"wp","href":"https:\/\/api.w.org\/{rel}","templated":true}]}}