{"id":499913,"date":"2025-10-30T12:15:14","date_gmt":"2025-10-30T12:15:14","guid":{"rendered":"https:\/\/www.europesays.com\/fr\/499913\/"},"modified":"2025-10-30T12:15:14","modified_gmt":"2025-10-30T12:15:14","slug":"trois-vehicules-impliques-lacces-a-une-autoroute-ferme","status":"publish","type":"post","link":"https:\/\/www.europesays.com\/fr\/499913\/","title":{"rendered":"trois v\u00e9hicules impliqu\u00e9s, l&rsquo;acc\u00e8s \u00e0 une autoroute ferm\u00e9"},"content":{"rendered":"<p>            Par<br \/>\n        <strong><br \/>\n            <a href=\"https:\/\/actu.fr\/auteur\/david-saint-sernin\" title=\"Consulter tous les articles de David Saint-Sernin\" target=\"_blank\" rel=\"noopener\">David Saint-Sernin<\/a><br \/>\n        <\/strong><\/p>\n<p>        Publi\u00e9 le<\/p>\n<p>            30 oct. 2025 \u00e0 13h00        <\/p>\n<p>Jeudi 30\u00a0octobre 2025, <a href=\"https:\/\/actu.fr\/occitanie\/blagnac_31069\/pres-de-toulouse-la-voiture-fait-des-tonneaux-une-personne-ejectee-une-autre-incarceree_63369859.html\" target=\"_blank\" rel=\"noopener\">un accident<\/a> a eu lieu sur <a href=\"https:\/\/actu.fr\/occitanie\/toulouse_31555\/des-travaux-sont-prevus-sur-le-peripherique-de-toulouse-la-circulation-va-etre-impactee_63351171.html\" target=\"_blank\" rel=\"noopener\">le p\u00e9riph\u00e9rique<\/a> int\u00e9rieur de<strong> Toulouse.<\/strong><\/p>\n<p class=\" wall-content\">Selon Bison Fut\u00e9, il implique trois v\u00e9hicules au niveau de la bifurcation avec l\u2019autoroute A 68, dans le sens Bordeaux-Montpellier.<\/p>\n<p>Une voie de circulation neutralis\u00e9e<\/p>\n<p class=\" wall-content\">Une voie de circulation a \u00e9t\u00e9 neutralis\u00e9e ce qui engendre un bouchon de plusieurs kilom\u00e8tres peu apr\u00e8s 12h30.<\/p>\n<p class=\" wall-content\">Selon Vinci Autoroutes qui g\u00e8re l\u2019autoroute A61 \u00e0 l\u2019Est de Toulouse, il faut une bonne dizaine de minutes pour passer la difficult\u00e9.<\/p>\n<p>L\u2019acc\u00e8s \u00e0 l\u2019autoroute A 68 ferm\u00e9<\/p>\n<p class=\" wall-content\">Surtout la bretelle de bifurcation vers l\u2019A 68 a \u00e9galement \u00e9t\u00e9 ferm\u00e9e. Il est donc impossible de bifurquer vers l\u2019autoroute en direction d\u2019Albi.<\/p>\n<p class=\" wall-content\">\n<p class=\" wall-content\">Personnalisez votre actualit\u00e9 en ajoutant vos villes et m\u00e9dias en favori avec <a href=\"https:\/\/moncompte.actu.fr\" title=\"D\u00e9couvez Mon Actu\" rel=\"nofollow noopener\" data-trk=\"{&quot;cta&quot;:{&quot;action&quot;:&quot;https:\\\/\\\/moncompte.actu.fr&quot;,&quot;category&quot;:&quot;mon compte&quot;,&quot;from&quot;:&quot;article footer&quot;,&quot;name&quot;:&quot;Mon actu&quot;,&quot;type&quot;:&quot;cta&quot;}}\" target=\"_blank\">Mon Actu<\/a>.<\/p>\n","protected":false},"excerpt":{"rendered":"Par David Saint-Sernin Publi\u00e9 le 30 oct. 2025 \u00e0 13h00 Jeudi 30\u00a0octobre 2025, un accident a eu lieu&hellip;\n","protected":false},"author":2,"featured_media":499914,"comment_status":"","ping_status":"","sticky":false,"template":"","format":"standard","meta":{"footnotes":""},"categories":[2816],"tags":[1111,11,5727,1777,674,1011,27,12,2680,25,104,2312],"class_list":{"0":"post-499913","1":"post","2":"type-post","3":"status-publish","4":"format-standard","5":"has-post-thumbnail","7":"category-toulouse","8":"tag-actu","9":"tag-actualites","10":"tag-autoroute-68-a68","11":"tag-eu","12":"tag-europe","13":"tag-fr","14":"tag-france","15":"tag-news","16":"tag-occitanie","17":"tag-republique-francaise","18":"tag-societe","19":"tag-toulouse"},"share_on_mastodon":{"url":"https:\/\/pubeurope.com\/@fr\/115463069799858728","error":""},"_links":{"self":[{"href":"https:\/\/www.europesays.com\/fr\/wp-json\/wp\/v2\/posts\/499913","targetHints":{"allow":["GET"]}}],"collection":[{"href":"https:\/\/www.europesays.com\/fr\/wp-json\/wp\/v2\/posts"}],"about":[{"href":"https:\/\/www.europesays.com\/fr\/wp-json\/wp\/v2\/types\/post"}],"author":[{"embeddable":true,"href":"https:\/\/www.europesays.com\/fr\/wp-json\/wp\/v2\/users\/2"}],"replies":[{"embeddable":true,"href":"https:\/\/www.europesays.com\/fr\/wp-json\/wp\/v2\/comments?post=499913"}],"version-history":[{"count":0,"href":"https:\/\/www.europesays.com\/fr\/wp-json\/wp\/v2\/posts\/499913\/revisions"}],"wp:featuredmedia":[{"embeddable":true,"href":"https:\/\/www.europesays.com\/fr\/wp-json\/wp\/v2\/media\/499914"}],"wp:attachment":[{"href":"https:\/\/www.europesays.com\/fr\/wp-json\/wp\/v2\/media?parent=499913"}],"wp:term":[{"taxonomy":"category","embeddable":true,"href":"https:\/\/www.europesays.com\/fr\/wp-json\/wp\/v2\/categories?post=499913"},{"taxonomy":"post_tag","embeddable":true,"href":"https:\/\/www.europesays.com\/fr\/wp-json\/wp\/v2\/tags?post=499913"}],"curies":[{"name":"wp","href":"https:\/\/api.w.org\/{rel}","templated":true}]}}