{"id":499922,"date":"2025-10-30T12:20:13","date_gmt":"2025-10-30T12:20:13","guid":{"rendered":"https:\/\/www.europesays.com\/fr\/499922\/"},"modified":"2025-10-30T12:20:13","modified_gmt":"2025-10-30T12:20:13","slug":"pres-de-lyon-accuse-detre-islamique-un-projet-decole-montessori-agite-cette-commune","status":"publish","type":"post","link":"https:\/\/www.europesays.com\/fr\/499922\/","title":{"rendered":"Pr\u00e8s de Lyon. Accus\u00e9 d&rsquo;\u00eatre \u00ab\u00a0islamique\u00a0\u00bb, un projet d&rsquo;\u00e9cole Montessori agite cette commune"},"content":{"rendered":"<p>            Par<br \/>\n        <strong><br \/>\n            <a href=\"https:\/\/actu.fr\/auteur\/anthony-soudani\" title=\"Consulter tous les articles de Anthony Soudani\" rel=\"nofollow noopener\" target=\"_blank\">Anthony Soudani<\/a><br \/>\n        <\/strong><\/p>\n<p>        Publi\u00e9 le<\/p>\n<p>            30 oct. 2025 \u00e0 12h42        <\/p>\n<p>Un projet <strong>d\u2019\u00e9cole Montessori<\/strong> fait pol\u00e9mique \u00e0 Givors, pr\u00e8s de <a href=\"https:\/\/actu.fr\/auvergne-rhone-alpes\/lyon_69123\" rel=\"nofollow noopener\" target=\"_blank\">Lyon<\/a>. Fabrice Riva, \u00e9lu d\u2019opposition (divers droite) alerte : il suspecte\u00a0une \u00e9cole \u00ab\u00a0islamique\u00a0\u00bb port\u00e9e par l\u2019association 1000 et 1 chemins. <br \/>Le maire divers gauche et \u00e9cologiste, Mohammed Boudjellaba, r\u00e9pond \u00e0 ces accusations qu\u2019il juge \u00ab\u00a0islamophobes\u00a0\u00bb, tandis que le porteur du projet se d\u00e9fend dans un communiqu\u00e9 publi\u00e9 sur son site internet et attaque en justice. <br \/>La tension monte.<\/p>\n<p>Un \u00e9lu d\u2019opposition accuse de cacher \u00ab\u00a0un projet d\u2019\u00e9cole islamique\u00a0\u00bb<\/p>\n<p class=\" wall-content\">Il faut remonter au 25 septembre 2025 pour comprendre cette affaire devenue sensible dans la commune. Lors d\u2019une d\u00e9lib\u00e9ration au conseil municipal, le maire a propos\u00e9 de retenir l\u2019offre d\u2019achat de l\u2019ancienne \u00e9cole, situ\u00e9e au 73 rue Liauthaud, par l\u2019association 1000<br \/>&amp; 1 chemins.<\/p>\n<p class=\" wall-content\">Apr\u00e8s commercialisation sous forme d\u2019ench\u00e8re citoyenne organis\u00e9e par AgoraStore, l\u2019association s\u2019est montr\u00e9e la plus offrante avec un prix de 350 000\u20ac.<\/p>\n<p class=\" wall-content\">Ce qui fait aujourd\u2019hui bondir l\u2019opposition municipale, c\u2019est l\u2019absence d\u2019information sur le porteur du projet. \u00ab\u00a0L\u2019association 1000 &amp; 1 chemins a un but confessionnel et cela a \u00e9t\u00e9 tronqu\u00e9 lors du conseil municipal\u00a0\u00bb, lance Fabrice Riva. Tout le monde a vot\u00e9 pour la d\u00e9lib\u00e9ration sauf Givors Fi\u00e8re, son groupe divers droite.<\/p>\n<p class=\" wall-content\">Pour lui, il n\u2019y a pas de doute. L\u2019association dissimule \u00ab\u00a0un projet d\u2019\u00e9cole islamique\u00a0\u00bb.<\/p>\n<blockquote class=\"ac-article-quote wall-content\">\n<p>Partant du principe, o\u00f9 dans les statuts de l&rsquo;association, il y a un aspect confessionnel, je pense que l&rsquo;association 1000 &amp; 1 chemins s&rsquo;est servie de ce verni Montessori pour cr\u00e9er une \u00e9cole islamique derri\u00e8re. Au conseil municipal, on nous a pr\u00e9sent\u00e9 un projet Montessori Scout, avec une nouvelle version d&rsquo;\u00e9duquer les enfants. Mais 1000 &amp; 1 chemins n&rsquo;a pas de lien avec Montessori.<\/p>\n<p>    <strong>Fabrice Riva<\/strong><br \/>\n        Elu d&rsquo;opposition divers droite    <\/p><\/blockquote>\n<p class=\" wall-content\">L\u2019\u00e9lu ajoute : \u00ab\u00a0Si le maire \u00e9tait inform\u00e9 d\u2019une \u00e9cole sunnite, chiite, musulmane, chr\u00e9tienne, il faut le dire pour qu\u2019on puisse avoir un d\u00e9bat r\u00e9publicain.\u00a0\u00bb<\/p>\n<p>Votre r\u00e9gion, votre actu !<\/p>\n<p>Recevez chaque jour les infos qui comptent pour vous.<\/p>\n<p>\t<a href=\"https:\/\/actu.fr\/newsletter\" class=\"ac-btn ac-btn--corner ac-btn--medium ac-btn--blue800\" rel=\"nofollow noopener\" target=\"_blank\">S&rsquo;incrire<\/a><br \/>\nLe maire balaie ses accusations aux \u00ab\u00a0relents islamophobes\u00a0\u00bb\u00a0<\/p>\n<p class=\" wall-content\">Mohammed Boudjellaba, premier \u00e9dile de Givors, balaie ces accusations d\u2019un revers de la main aupr\u00e8s d\u2019actu Lyon. \u00ab\u00a0Il n\u2019y a rien qui me dit que c\u2019est un projet d\u2019\u00e9cole confessionnelle. Cet <strong>opposant d\u2019extr\u00eame droite a des relents islamophobes dangereux<\/strong> pour la soci\u00e9t\u00e9. Cela pose un probl\u00e8me. Ce sont des mensonges.\u00a0\u00bb<\/p>\n<p class=\" wall-content\">Prenant ses distances avec ce projet d\u2019\u00e9cole Montessori, rappelant qu\u2019il n\u2019est pas \u00e0 l\u2019initiative de la mairie, Mohammed Boudjellaba se dit \u00ab\u00a0oppos\u00e9 de fa\u00e7on tr\u00e8s claire et formelle \u00e0 tout projet d\u2019\u00e9cole confessionnelle sur le territoire de [sa] commune, de toute confession que ce soit\u00a0\u00bb.<\/p>\n<p>    <a href=\"https:\/\/www.google.com\/maps\/embed?pb=!1m18!1m12!1m3!1d2792.0624744796373!2d4.757968376611921!3d45.589288825083436!2m3!1f0!2f0!3f0!3m2!1i1024!2i768!4f13.1!3m3!1m2!1s0x47f4e6a6f892d293%3A0x1bb4458e6c75a5!2s73%20Rue%20Joseph%20Liauthaud%2C%2069700%20Givors!5e0!3m2!1sfr!2sfr!4v1761820944992!5m2!1sfr!2sfr\" title=\"Ouvrie le lien\" rel=\"nofollow noopener\" target=\"_blank\">Cliquez ici pour visualiser le contenu<\/a><\/p>\n<p>Le maire s\u2019interroge, mais fait confiance\u2026<\/p>\n<p class=\" wall-content\">Le maire indique que l\u2019ancienne \u00e9cole a \u00e9t\u00e9 vendue puisque sa r\u00e9habilitation demandait \u00ab\u00a02 millions d\u2019euros de travaux\u00a0\u00bb. Une somme impossible \u00e0 d\u00e9penser pour la Ville qui, en plus, a suffisamment d\u2019\u00e9tablissements scolaires actuellement.<\/p>\n<p class=\" wall-content\">L\u2019\u00e9lu affirme qu\u2019il veillera au respect du cadre l\u00e9gal sur le plan urbanistique et demande \u00e0 la pr\u00e9fecture du Rh\u00f4ne de \u00ab\u00a0veiller \u00e0 ce que ce ne soit pas une \u00e9cole confessionnelle\u00a0\u00bb.<\/p>\n<blockquote class=\"ac-article-quote wall-content\">\n<p>Je partage le fait qu&rsquo;il y ait des interrogations, moi-m\u00eame j&rsquo;en ai. Mais aller faire le buzz, aller d\u00e9noncer, faire croire qu&rsquo;il y a quelque chose en dessous&#8230; S&rsquo;il y a un souci, on interroge la structure. L\u00e0, c&rsquo;est parce qu&rsquo;on est en p\u00e9riode \u00e9lectorale : on vient cr\u00e9er du tumulte o\u00f9 il n&rsquo;y en a pas.<\/p>\n<p>    <strong>Mohammed Boudjellaba<\/strong><br \/>\n        maire de Givors    <\/p><\/blockquote>\n<p class=\" wall-content\">Sur la spiritualit\u00e9, le maire<strong> a demand\u00e9 des explications<\/strong> \u00e0 l\u2019association : \u00ab\u00a0On m\u2019a dit que la notion de spiritualit\u00e9, c\u2019est autour du scoutisme. Il y a une dimension spirituelle qui va au-del\u00e0 du culte. Quand je vends un terrain, j\u2019ai plut\u00f4t tendance \u00e0 croire les gens. Au moment o\u00f9 on se parle, il n\u2019y a rien qui me fait dire qu\u2019il y a quelque chose de cach\u00e9 derri\u00e8re.\u00a0\u00bb<\/p>\n<p>Le site internet de l\u2019association laisse pr\u00e9sumer un aspect religieux<\/p>\n<p class=\" wall-content\">La r\u00e9daction d\u2019actu Lyon a consult\u00e9 les statuts de l\u2019association. En effet, la mention d\u2019\u00e9ducation spirituelle appara\u00eet bien. D\u2019autres \u00e9l\u00e9ments interpellent. La page d\u2019accueil du site internet de 1000 &amp; 1 chemins a \u00e9t\u00e9 chang\u00e9e pour mettre un communiqu\u00e9 en r\u00e9ponse aux accusations de Fabrice Riva.<\/p>\n<p class=\" wall-content\">Cependant, la page d\u2019accueil montrait pr\u00e9c\u00e9demment <strong>une photo des scouts musulmans de France<\/strong> lors d\u2019une c\u00e9r\u00e9monie, laissant pr\u00e9sumer un but religieux.<\/p>\n<p>    <img   decoding=\"async\" loading=\"lazy\" src=\"https:\/\/www.europesays.com\/fr\/wp-content\/uploads\/2025\/10\/site-internet-1000-et-1-chemins-960x640.jpg\" alt=\"L'ancienne page d'accueil du site Internet 1000 et 1 chemins montrait une photo des scouts musulmans de France lors d'une c\u00e9r\u00e9monie.\" width=\"960\" height=\"640\"\/><br \/>\n    L\u2019ancienne page d\u2019accueil du site Internet 1000 et 1 chemins, r\u00e9cemment chang\u00e9e, montrait une photo des scouts musulmans de France lors d\u2019une c\u00e9r\u00e9monie, laissant pr\u00e9sumer un lien avec la religion. (\u00a9Capture d\u2019\u00e9cran site internet 1000 &amp; 1 chemins)<\/p>\n<p class=\" wall-content\">Il y avait \u00e9galement l\u2019image d\u2019un tract, sur lequel des dessins de scouts ne repr\u00e9sentaient pas leurs visages. Sur cette image annon\u00e7ant une c\u00e9r\u00e9monie de promesse scoute, apparaissent une femme voil\u00e9e et un homme dont le nom \u00e9crit sur la tunique a des consonances religieuses : \u00ab\u00a0Ya Mahdi\u00a0\u00bb, un descendant du proph\u00e8te de l\u2019islam, Mahomet, qui viendra \u00e0 la fin des temps, afin de restaurer la religion musulmane et la justice.<\/p>\n<p class=\" wall-content\">Concernant les visages, le lien religieux pourrait s\u2019expliquer du fait que toute repr\u00e9sentation humaine sous toutes ses formes du proph\u00e8te Mahomet, ou de sa famille, est interdite par l\u2019islam chiite.<\/p>\n<p>    <img   decoding=\"async\" loading=\"lazy\" src=\"https:\/\/www.europesays.com\/fr\/wp-content\/uploads\/2025\/10\/capture-site-internet-1000-et-1-chemins-798x640.jpg\" alt=\"Des repr\u00e9sentations sans les visages, une femme voil\u00e9e et un chef scout portant le nom de \" width=\"798\" height=\"640\"\/><br \/>\n    Des repr\u00e9sentations sans visages, une femme voil\u00e9e et un chef scout portant le nom de \u00ab\u00a0Ya Mahdi\u00a0\u00bb, fils du proph\u00e8te, interpelle sur l\u2019ancienne page d\u2019accueil du site Internet de l\u2019association 1000 &amp; 1 chemins qui se veut porter un projet d\u2019\u00e9cole non confessionnelle \u00e0 Givors. (\u00a9Capture d\u2019\u00e9cran site internet 1000 &amp; 1 chemins)Le porteur de projet d\u00e9nonce des \u00ab\u00a0accusations graves et infond\u00e9es\u00a0\u00bb<\/p>\n<p class=\" wall-content\">\u00ab\u00a0Notre principe est clair : \u00e0 1000&amp;1 chemins, tous les enfants de la Nation sont les bienvenus, et chaque enfant de la R\u00e9publique y est accueilli sans distinction d\u2019origine, de sexe ou de croyance\u00a0\u00bb, se d\u00e9fend l\u2019association sur sa nouvelle page d\u2019accueil internet.<\/p>\n<p class=\" wall-content\">Son pr\u00e9sident, Ali Bensouna, d\u00e9nonce \u00ab\u00a0une campagne de d\u00e9nigrement publique, fond\u00e9e sur des amalgames \u00e0 caract\u00e8re discriminatoire, men\u00e9e par le groupe Givors Fi\u00e8re (ex-Rassemblement national) sous l\u2019impulsion de Fabrice Riva\u00a0\u00bb. Il d\u00e9plore \u00ab\u00a0des accusations contradictoires aussi graves qu\u2019infond\u00e9es\u00a0\u00bb.<\/p>\n<p>Ali Bensouna, pr\u00e9sident de 1000 &amp; 1 chemins, r\u00e9fute les suspicions<\/p>\n<p class=\" wall-content\">S\u2019il dit comprendre que dans le contexte national actuel \u00ab\u00a0certains questionnements puissent surgir\u00a0\u00bb, l\u2019association \u00ab\u00a0ne saurait accepter que le questionnement c\u00e8de la place \u00e0 la suspicion, et pire encore, \u00e0 la diffamation, fond\u00e9e sur de simples supputations, elles-m\u00eames tir\u00e9es des orientations religieuses et de quelques liens de parent\u00e9 [\u2026] entre les membres de 1000&amp;1 chemins et la communaut\u00e9 dont ils sont issus\u00a0\u00bb.<\/p>\n<p class=\" wall-content\">Sur les liens de parent\u00e9 qui alimentent la suspicion, cela fait \u00e9cho au fait qu\u2019Ali Bensouna soit le <strong>fils de l\u2019imam de la mosqu\u00e9e chiite Al-Nour de Givors<\/strong>. \u00ab\u00a0Ces liens naturels, qui n\u2019impliquent aucune subordination, emp\u00eacheraient-ils notre association de projeter l\u2019ouverture d\u2019une \u00e9cole non confessionnelle ? Car nous le r\u00e9affirmons ici : <strong>non, notre projet d\u2019\u00e9cole n\u2019est pas confessionnel<\/strong> !\u00a0\u00bb, soutient Ali Bensouna.<\/p>\n<p>L\u2019association d\u00e9pose plainte, Fabrice Riva saisit la pr\u00e9fecture<\/p>\n<p class=\" wall-content\">Dans ce contexte, l\u2019association 1000 &amp; 1 chemins affirme saisir la justice. \u00ab\u00a0En cons\u00e9quence, nous avons d\u00e9cid\u00e9 de saisir l\u2019autorit\u00e9 judiciaire en d\u00e9posant<strong> plainte avec constitution de partie civile<\/strong>, afin que la justice fasse la lumi\u00e8re sur ces accusations mensong\u00e8res et r\u00e9affirme le droit.\u00a0\u00bb<\/p>\n<p class=\" wall-content\">Cette affaire va tr\u00e8s certainement se r\u00e9gler devant les tribunaux. \u00ab\u00a0On est en train de pr\u00e9parer la <strong>demande de d\u00e9f\u00e9rer au pr\u00e9fet<\/strong>, pr\u00e9cise le camp de Fabrice Riva. On va doubler le coup en saisissant le tribunal administratif. Nous pensons qu\u2019il y a beaucoup de choses de dissimuler.\u00a0\u00bb<\/p>\n<p class=\" wall-content\">Personnalisez votre actualit\u00e9 en ajoutant vos villes et m\u00e9dias en favori avec <a href=\"https:\/\/moncompte.actu.fr\" title=\"D\u00e9couvez Mon Actu\" rel=\"nofollow noopener\" data-trk=\"{&quot;cta&quot;:{&quot;action&quot;:&quot;https:\\\/\\\/moncompte.actu.fr&quot;,&quot;category&quot;:&quot;mon compte&quot;,&quot;from&quot;:&quot;article footer&quot;,&quot;name&quot;:&quot;Mon actu&quot;,&quot;type&quot;:&quot;cta&quot;}}\" target=\"_blank\">Mon Actu<\/a>.<\/p>\n","protected":false},"excerpt":{"rendered":"Par Anthony Soudani Publi\u00e9 le 30 oct. 2025 \u00e0 12h42 Un projet d\u2019\u00e9cole Montessori fait pol\u00e9mique \u00e0 Givors,&hellip;\n","protected":false},"author":2,"featured_media":499923,"comment_status":"","ping_status":"","sticky":false,"template":"","format":"standard","meta":{"footnotes":""},"categories":[1889],"tags":[1111,11,2430,1057,1777,674,1011,27,5318,2428,12,4020,25,104],"class_list":{"0":"post-499922","1":"post","2":"type-post","3":"status-publish","4":"format-standard","5":"has-post-thumbnail","7":"category-lyon","8":"tag-actu","9":"tag-actualites","10":"tag-auvergne-rhone-alpes","11":"tag-education","12":"tag-eu","13":"tag-europe","14":"tag-fr","15":"tag-france","16":"tag-islam","17":"tag-lyon","18":"tag-news","19":"tag-religion","20":"tag-republique-francaise","21":"tag-societe"},"share_on_mastodon":{"url":"https:\/\/pubeurope.com\/@fr\/115463089845628753","error":""},"_links":{"self":[{"href":"https:\/\/www.europesays.com\/fr\/wp-json\/wp\/v2\/posts\/499922","targetHints":{"allow":["GET"]}}],"collection":[{"href":"https:\/\/www.europesays.com\/fr\/wp-json\/wp\/v2\/posts"}],"about":[{"href":"https:\/\/www.europesays.com\/fr\/wp-json\/wp\/v2\/types\/post"}],"author":[{"embeddable":true,"href":"https:\/\/www.europesays.com\/fr\/wp-json\/wp\/v2\/users\/2"}],"replies":[{"embeddable":true,"href":"https:\/\/www.europesays.com\/fr\/wp-json\/wp\/v2\/comments?post=499922"}],"version-history":[{"count":0,"href":"https:\/\/www.europesays.com\/fr\/wp-json\/wp\/v2\/posts\/499922\/revisions"}],"wp:featuredmedia":[{"embeddable":true,"href":"https:\/\/www.europesays.com\/fr\/wp-json\/wp\/v2\/media\/499923"}],"wp:attachment":[{"href":"https:\/\/www.europesays.com\/fr\/wp-json\/wp\/v2\/media?parent=499922"}],"wp:term":[{"taxonomy":"category","embeddable":true,"href":"https:\/\/www.europesays.com\/fr\/wp-json\/wp\/v2\/categories?post=499922"},{"taxonomy":"post_tag","embeddable":true,"href":"https:\/\/www.europesays.com\/fr\/wp-json\/wp\/v2\/tags?post=499922"}],"curies":[{"name":"wp","href":"https:\/\/api.w.org\/{rel}","templated":true}]}}