{"id":499943,"date":"2025-10-30T12:32:12","date_gmt":"2025-10-30T12:32:12","guid":{"rendered":"https:\/\/www.europesays.com\/fr\/499943\/"},"modified":"2025-10-30T12:32:12","modified_gmt":"2025-10-30T12:32:12","slug":"le-chef-de-la-diplomatie-allemande-promet-un-soutien-a-la-stabilite-et-au-redressement-economique-de-la-syrie","status":"publish","type":"post","link":"https:\/\/www.europesays.com\/fr\/499943\/","title":{"rendered":"Le chef de la diplomatie allemande promet un soutien \u00e0 la stabilit\u00e9 et au redressement \u00e9conomique de la Syrie"},"content":{"rendered":"<p>AA \/ Berlin \/ Ayhan Simsek<\/p>\n<p>Le ministre allemand des Affaires \u00e9trang\u00e8res, Johann Wadephul, a r\u00e9affirm\u00e9 jeudi le soutien de Berlin \u00e0 la transition politique et \u00e0 la relance \u00e9conomique de la Syrie.<\/p>\n<p>Il souligne que la stabilit\u00e9 du pays est cruciale pour les int\u00e9r\u00eats de l\u2019Allemagne.<\/p>\n<p>\u00ab La Syrie se trouve dans le voisinage imm\u00e9diat de l\u2019Union europ\u00e9enne. Tout ce qui s\u2019y passe a des cons\u00e9quences directes et indirectes pour nous en Allemagne. Une Syrie stable est dans notre int\u00e9r\u00eat \u00bb, a d\u00e9clar\u00e9 Wadephul dans un communiqu\u00e9, \u00e0 la veille de sa visite \u00e0 Damas.<\/p>\n<p>Le ministre a salu\u00e9 \u00ab l\u2019entr\u00e9e du peuple syrien dans une nouvelle \u00e8re apr\u00e8s la chute de la dictature d\u2019Assad \u00bb et appel\u00e9 la communaut\u00e9 internationale \u00e0 soutenir la reconstruction du pays, ravag\u00e9 par douze ann\u00e9es de guerre civile.<\/p>\n<p>\u00ab La Syrie fait face \u00e0 d\u2019immenses d\u00e9fis. Les relever n\u00e9cessite un gouvernement garantissant \u00e0 tous les citoyens, sans distinction de genre, de religion, d\u2019origine ethnique ou sociale, une vie digne et en s\u00e9curit\u00e9 \u00bb, a-t-il ajout\u00e9, pr\u00e9cisant qu\u2019il insisterait sur ce point lors de ses entretiens \u00e0 Damas.<\/p>\n<p>Rappelant que l\u2019Allemagne et l\u2019Union europ\u00e9enne ont lev\u00e9 l\u2019ensemble des sanctions \u00e9conomiques apr\u00e8s la chute du r\u00e9gime Assad, Wadephul a assur\u00e9 que Berlin poursuivrait son aide \u00e9conomique, technique et humanitaire \u00e0 la Syrie.<\/p>\n<p>Il a \u00e9galement soulign\u00e9 l\u2019int\u00e9r\u00eat croissant des entreprises allemandes pour investir dans le d\u00e9veloppement du pays.<\/p>\n<p>Wadephul a enfin rappel\u00e9 que l\u2019Allemagne abrite plus d\u2019un million de Syriens r\u00e9fugi\u00e9s de la guerre : \u00ab Beaucoup ont trouv\u00e9 ici non seulement une protection, mais aussi un nouveau foyer. Certains envisagent d\u00e9sormais de retourner en Syrie pour participer \u00e0 sa reconstruction \u00bb, a-t-il dit, souhaitant \u00ab approfondir la relation sp\u00e9ciale entre les deux pays \u00bb.<\/p>\n<p>* Traduit de l&rsquo;anglais par Serap Dogansoy <\/p>\n<p>                            &#13;<br \/>\n                                <a href=\"https:\/\/www.aa.com.tr\/fr\/p\/abonnement\/1001\" target=\"_blank\" style=\"font-size:12px; color:#444; text-decoration:none;\" rel=\"nofollow noopener\">&#13;<br \/>\n                                    Seulement une partie des d\u00e9p\u00eaches, que l&rsquo;Agence Anadolu diffuse \u00e0 ses abonn\u00e9s via le Syst\u00e8me de Diffusion interne (HAS), est diffus\u00e9e sur le site de l&rsquo;AA, de mani\u00e8re r\u00e9sum\u00e9e. <b style=\"color:#1897F7\">Contactez-nous s&rsquo;il vous pla\u00eet pour vous abonner.<\/b>&#13;<br \/>\n                                <\/a>&#13;<\/p>\n","protected":false},"excerpt":{"rendered":"AA \/ Berlin \/ Ayhan Simsek Le ministre allemand des Affaires \u00e9trang\u00e8res, Johann Wadephul, a r\u00e9affirm\u00e9 jeudi le&hellip;\n","protected":false},"author":2,"featured_media":499944,"comment_status":"","ping_status":"","sticky":false,"template":"","format":"standard","meta":{"footnotes":""},"categories":[1587],"tags":[11,672,1785,1804,36712,1805,1803,1777,674,1801,12,1802,32,9213],"class_list":{"0":"post-499943","1":"post","2":"type-post","3":"status-publish","4":"format-standard","5":"has-post-thumbnail","7":"category-allemagne","8":"tag-actualites","9":"tag-allemagne","10":"tag-anadolu-ajansi","11":"tag-bundesrepublik-deutschland","12":"tag-damas","13":"tag-de","14":"tag-deutschland","15":"tag-eu","16":"tag-europe","17":"tag-germany","18":"tag-news","19":"tag-republique-federale-dallemagne","20":"tag-syrie","21":"tag-union-europenne"},"share_on_mastodon":{"url":"https:\/\/pubeurope.com\/@fr\/115463136506618834","error":""},"_links":{"self":[{"href":"https:\/\/www.europesays.com\/fr\/wp-json\/wp\/v2\/posts\/499943","targetHints":{"allow":["GET"]}}],"collection":[{"href":"https:\/\/www.europesays.com\/fr\/wp-json\/wp\/v2\/posts"}],"about":[{"href":"https:\/\/www.europesays.com\/fr\/wp-json\/wp\/v2\/types\/post"}],"author":[{"embeddable":true,"href":"https:\/\/www.europesays.com\/fr\/wp-json\/wp\/v2\/users\/2"}],"replies":[{"embeddable":true,"href":"https:\/\/www.europesays.com\/fr\/wp-json\/wp\/v2\/comments?post=499943"}],"version-history":[{"count":0,"href":"https:\/\/www.europesays.com\/fr\/wp-json\/wp\/v2\/posts\/499943\/revisions"}],"wp:featuredmedia":[{"embeddable":true,"href":"https:\/\/www.europesays.com\/fr\/wp-json\/wp\/v2\/media\/499944"}],"wp:attachment":[{"href":"https:\/\/www.europesays.com\/fr\/wp-json\/wp\/v2\/media?parent=499943"}],"wp:term":[{"taxonomy":"category","embeddable":true,"href":"https:\/\/www.europesays.com\/fr\/wp-json\/wp\/v2\/categories?post=499943"},{"taxonomy":"post_tag","embeddable":true,"href":"https:\/\/www.europesays.com\/fr\/wp-json\/wp\/v2\/tags?post=499943"}],"curies":[{"name":"wp","href":"https:\/\/api.w.org\/{rel}","templated":true}]}}