{"id":499945,"date":"2025-10-30T12:33:12","date_gmt":"2025-10-30T12:33:12","guid":{"rendered":"https:\/\/www.europesays.com\/fr\/499945\/"},"modified":"2025-10-30T12:33:12","modified_gmt":"2025-10-30T12:33:12","slug":"pressions-americaines-sur-un-juge-francais-derniere-preuve-en-date-des-renoncements-de-leurope-sur-sa-souverainete-technologique","status":"publish","type":"post","link":"https:\/\/www.europesays.com\/fr\/499945\/","title":{"rendered":"Pressions am\u00e9ricaines sur un juge fran\u00e7ais : derni\u00e8re preuve en date des renoncements de l\u2019Europe sur sa souverainet\u00e9 technologique"},"content":{"rendered":"<p>Bernard Benhamou est secr\u00e9taire g\u00e9n\u00e9ral de l\u2019Institut de la Souverainet\u00e9 Num\u00e9rique (ISN). Il est aussi enseignant sur la gouvernance de l\u2019Internet \u00e0 l\u2019Universit\u00e9 Paris I-Panth\u00e9on Sorbonne. Il a exerc\u00e9 les fonctions de d\u00e9l\u00e9gu\u00e9 interminist\u00e9riel aux usages de l\u2019Internet aupr\u00e8s du minist\u00e8re de la Recherche et du minist\u00e8re de l\u2019\u00c9conomie num\u00e9rique (2007-2013). Il y a fond\u00e9 le portail Proxima Mobile, premier portail europ\u00e9en de services mobiles pour les citoyens. Il a coordonn\u00e9 la premi\u00e8re conf\u00e9rence minist\u00e9rielle europ\u00e9enne sur l\u2019Internet des objets lors de la Pr\u00e9sidence Fran\u00e7aise de l\u2019Union europ\u00e9enne de 2008. Il a \u00e9t\u00e9 le conseiller de la D\u00e9l\u00e9gation Fran\u00e7aise au Sommet des Nations unies sur la Soci\u00e9t\u00e9 de l\u2019Information (2003-2006). Il a aussi cr\u00e9\u00e9 les premi\u00e8res conf\u00e9rences sur l\u2019impact des technologies sur les administrations \u00e0 l\u2019Ena en 1998. Enfin, il a \u00e9t\u00e9 le concepteur de \u00ab Passeport pour le Cybermonde \u00bb, la premi\u00e8re exposition enti\u00e8rement en r\u00e9seau cr\u00e9\u00e9e \u00e0 la Cit\u00e9 des Sciences et de l\u2019Industrie en 1997.<\/p>\n","protected":false},"excerpt":{"rendered":"Bernard Benhamou est secr\u00e9taire g\u00e9n\u00e9ral de l\u2019Institut de la Souverainet\u00e9 Num\u00e9rique (ISN). Il est aussi enseignant sur la&hellip;\n","protected":false},"author":2,"featured_media":499946,"comment_status":"","ping_status":"","sticky":false,"template":"","format":"standard","meta":{"footnotes":""},"categories":[1586],"tags":[11,5887,75,30451,46,73,1777,674,1011,27,223,591,303,9791,51817,1016,12,25,42583,62225],"class_list":{"0":"post-499945","1":"post","2":"type-post","3":"status-publish","4":"format-standard","5":"has-post-thumbnail","7":"category-europe","8":"tag-actualites","9":"tag-cour-penale-internationale","10":"tag-donald-trump","11":"tag-draghi","12":"tag-elon-musk","13":"tag-etats-unis","14":"tag-eu","15":"tag-europe","16":"tag-fr","17":"tag-france","18":"tag-intelligence-artificielle","19":"tag-jd-vance","20":"tag-justice","21":"tag-la-france","22":"tag-maga","23":"tag-meta","24":"tag-news","25":"tag-republique-francaise","26":"tag-souverainete-numerique","27":"tag-x-ex-twitter"},"share_on_mastodon":{"url":"https:\/\/pubeurope.com\/@fr\/115463140544491666","error":""},"_links":{"self":[{"href":"https:\/\/www.europesays.com\/fr\/wp-json\/wp\/v2\/posts\/499945","targetHints":{"allow":["GET"]}}],"collection":[{"href":"https:\/\/www.europesays.com\/fr\/wp-json\/wp\/v2\/posts"}],"about":[{"href":"https:\/\/www.europesays.com\/fr\/wp-json\/wp\/v2\/types\/post"}],"author":[{"embeddable":true,"href":"https:\/\/www.europesays.com\/fr\/wp-json\/wp\/v2\/users\/2"}],"replies":[{"embeddable":true,"href":"https:\/\/www.europesays.com\/fr\/wp-json\/wp\/v2\/comments?post=499945"}],"version-history":[{"count":0,"href":"https:\/\/www.europesays.com\/fr\/wp-json\/wp\/v2\/posts\/499945\/revisions"}],"wp:featuredmedia":[{"embeddable":true,"href":"https:\/\/www.europesays.com\/fr\/wp-json\/wp\/v2\/media\/499946"}],"wp:attachment":[{"href":"https:\/\/www.europesays.com\/fr\/wp-json\/wp\/v2\/media?parent=499945"}],"wp:term":[{"taxonomy":"category","embeddable":true,"href":"https:\/\/www.europesays.com\/fr\/wp-json\/wp\/v2\/categories?post=499945"},{"taxonomy":"post_tag","embeddable":true,"href":"https:\/\/www.europesays.com\/fr\/wp-json\/wp\/v2\/tags?post=499945"}],"curies":[{"name":"wp","href":"https:\/\/api.w.org\/{rel}","templated":true}]}}