{"id":499949,"date":"2025-10-30T12:35:12","date_gmt":"2025-10-30T12:35:12","guid":{"rendered":"https:\/\/www.europesays.com\/fr\/499949\/"},"modified":"2025-10-30T12:35:12","modified_gmt":"2025-10-30T12:35:12","slug":"deux-personnes-portees-disparues-apres-la-crue-dune-riviere-les-recherches-se-poursuivent","status":"publish","type":"post","link":"https:\/\/www.europesays.com\/fr\/499949\/","title":{"rendered":"Deux personnes port\u00e9es disparues apr\u00e8s la crue d\u2019une rivi\u00e8re, les recherches se poursuivent"},"content":{"rendered":"<p>Les heures passent et l\u2019inqui\u00e9tude monte. Deux personnes sont toujours recherch\u00e9es \u00e0 Nyons dans la <a href=\"https:\/\/www.20minutes.fr\/dossier\/drome\" class=\"c-link c-link--is-underlined\" target=\"_blank\" rel=\"noopener\">Dr\u00f4me<\/a> ce jeudi apr\u00e8s avoir signal\u00e9 que leur v\u00e9hicule avait \u00e9t\u00e9 pris dans une <a href=\"https:\/\/www.20minutes.fr\/dossier\/crue\" class=\"c-link c-link--is-underlined\" target=\"_blank\" rel=\"noopener\">rivi\u00e8re en crue<\/a>, a indiqu\u00e9 la gendarmerie.<\/p>\n<p>Les secours ont \u00e9t\u00e9 pr\u00e9venus vers 1 heure du matin. Une personne avait alors indiqu\u00e9 que son v\u00e9hicule \u00e9tait sorti de la route et qu\u2019elle se trouvait \u00e0 bord avec son conjoint. Depuis, des plongeurs ont retrouv\u00e9 le v\u00e9hicule ensabl\u00e9, mais n\u2019ont pas retrouv\u00e9 de corps.<\/p>\n<\/p>\n<p>Vigilance orange<\/p>\n<p>Le site de vigilance Vigicrues a plac\u00e9 jeudi matin <a href=\"https:\/\/www.20minutes.fr\/planete\/4182468-20251030-crues-deux-departements-places-vigilance-orange\" class=\"c-link c-link--is-underlined\" target=\"_blank\" rel=\"noopener\">la Dr\u00f4me et le Vaucluse<\/a>, en aval, en vigilance orange pour l\u2019Eygues, un affluent du <a href=\"https:\/\/www.20minutes.fr\/dossier\/rhone\" class=\"c-link c-link--is-underlined\" target=\"_blank\" rel=\"noopener\">Rh\u00f4ne<\/a>, avertissant d\u2019un \u00ab\u00a0risque de crue g\u00e9n\u00e9ratrice de d\u00e9bordements importants susceptibles d\u2019avoir un impact significatif\u00a0\u00bb sur la s\u00e9curit\u00e9.<\/p>\n<p>A l\u2019heure de l\u2019appel pass\u00e9 aux secours, la hauteur de l\u2019Eygues a \u00e9t\u00e9 mesur\u00e9e \u00e0 1,78\u00a0m \u00e0 Nyons. Elle a continu\u00e9 de monter pour atteindre 2,33\u00a0m vers 4 heures, selon Vigicrues. \u00ab\u00a0Les intensit\u00e9s pluviom\u00e9triques observ\u00e9es en d\u00e9but de nuit sur des sols tr\u00e8s humides ont provoqu\u00e9 une r\u00e9action significative du cours d\u2019eau avec une crue se propageant actuellement vers l\u2019aval\u00a0\u00bb, indique le site.<\/p>\n<p>Cinq autres d\u00e9partements sont plac\u00e9s en vigilance jaune pour un risque de crues\u00a0: le <a href=\"https:\/\/www.20minutes.fr\/societe\/doubs\/\" class=\"c-link c-link--is-underlined\" target=\"_blank\" rel=\"noopener\">Doubs<\/a>, le <a href=\"https:\/\/www.20minutes.fr\/societe\/gard\/\" class=\"c-link c-link--is-underlined\" target=\"_blank\" rel=\"noopener\">Gard<\/a>, le <a href=\"https:\/\/www.20minutes.fr\/dossier\/jura\" class=\"c-link c-link--is-underlined\" target=\"_blank\" rel=\"noopener\">Jura<\/a>, le Rh\u00f4ne et l\u2019<a href=\"https:\/\/www.20minutes.fr\/societe\/ardeche\/\" class=\"c-link c-link--is-underlined\" target=\"_blank\" rel=\"noopener\">Ard\u00e8che<\/a>. Ce dernier est \u00e9galement en alerte \u00e0 cause d\u2019une vigilance pour pluie inondation et orages, selon l\u2019organisme m\u00e9t\u00e9orologique fran\u00e7ais.<\/p>\n<p>Op\u00e9rations dangereuses<\/p>\n<p>Les op\u00e9rations de secours se poursuivent pour tenter de retrouver les deux personnes, selon la pr\u00e9fecture de la Dr\u00f4me. \u00ab\u00a0La difficult\u00e9 c\u2019est que la rivi\u00e8re est encore en crue\u00a0\u00bb, rendant les recherches tr\u00e8s dangereuses, a pr\u00e9cis\u00e9 la gendarmerie.<\/p>\n<p>Les pompiers ont d\u00e9j\u00e0 effectu\u00e9 32 interventions dans le sud du d\u00e9partement, dont une majorit\u00e9 dans la commune de Pierrelatte.<\/p>\n<p><a href=\"https:\/\/www.20minutes.fr\/dossier\/crue\" class=\"c-link c-btn c-btn--primary\" target=\"_blank\" rel=\"noopener\">Retrouvez notre dossier consacr\u00e9 aux crues<\/a><\/p>\n<p>La d\u00e9crue est attendue en milieu de matin\u00e9e \u00e0 <a href=\"https:\/\/www.20minutes.fr\/dossier\/orange-ville\" class=\"c-link c-link--is-underlined\" target=\"_blank\" rel=\"noopener\">Orange<\/a>, dans le <a href=\"https:\/\/www.20minutes.fr\/societe\/vaucluse\/\" class=\"c-link c-link--is-underlined\" target=\"_blank\" rel=\"noopener\">Vaucluse<\/a>, sur l\u2019aval du cours d\u2019eau, o\u00f9 le pic de crue a \u00e9t\u00e9 atteint dans la matin\u00e9e avec 400m2\/s, selon un communiqu\u00e9 du pr\u00e9fet.<\/p>\n","protected":false},"excerpt":{"rendered":"Les heures passent et l\u2019inqui\u00e9tude monte. Deux personnes sont toujours recherch\u00e9es \u00e0 Nyons dans la Dr\u00f4me ce jeudi&hellip;\n","protected":false},"author":2,"featured_media":499950,"comment_status":"","ping_status":"","sticky":false,"template":"","format":"standard","meta":{"footnotes":""},"categories":[2],"tags":[47,11,2430,11295,2730,118,1011,27,3381,2487,2357,12,883,52,882,25,2429,2431,4520],"class_list":{"0":"post-499949","1":"post","2":"type-post","3":"status-publish","4":"format-standard","5":"has-post-thumbnail","7":"category-actualites","8":"tag-actualite","9":"tag-actualites","10":"tag-auvergne-rhone-alpes","11":"tag-crue","12":"tag-drome","13":"tag-faits-divers","14":"tag-fr","15":"tag-france","16":"tag-gendarmerie","17":"tag-meteo","18":"tag-meteo-france","19":"tag-news","20":"tag-paca","21":"tag-planete","22":"tag-provence-alpes-cote-dazur","23":"tag-republique-francaise","24":"tag-rhone","25":"tag-rhone-alpes","26":"tag-vaucluse"},"share_on_mastodon":{"url":"https:\/\/pubeurope.com\/@fr\/115463148323227994","error":""},"_links":{"self":[{"href":"https:\/\/www.europesays.com\/fr\/wp-json\/wp\/v2\/posts\/499949","targetHints":{"allow":["GET"]}}],"collection":[{"href":"https:\/\/www.europesays.com\/fr\/wp-json\/wp\/v2\/posts"}],"about":[{"href":"https:\/\/www.europesays.com\/fr\/wp-json\/wp\/v2\/types\/post"}],"author":[{"embeddable":true,"href":"https:\/\/www.europesays.com\/fr\/wp-json\/wp\/v2\/users\/2"}],"replies":[{"embeddable":true,"href":"https:\/\/www.europesays.com\/fr\/wp-json\/wp\/v2\/comments?post=499949"}],"version-history":[{"count":0,"href":"https:\/\/www.europesays.com\/fr\/wp-json\/wp\/v2\/posts\/499949\/revisions"}],"wp:featuredmedia":[{"embeddable":true,"href":"https:\/\/www.europesays.com\/fr\/wp-json\/wp\/v2\/media\/499950"}],"wp:attachment":[{"href":"https:\/\/www.europesays.com\/fr\/wp-json\/wp\/v2\/media?parent=499949"}],"wp:term":[{"taxonomy":"category","embeddable":true,"href":"https:\/\/www.europesays.com\/fr\/wp-json\/wp\/v2\/categories?post=499949"},{"taxonomy":"post_tag","embeddable":true,"href":"https:\/\/www.europesays.com\/fr\/wp-json\/wp\/v2\/tags?post=499949"}],"curies":[{"name":"wp","href":"https:\/\/api.w.org\/{rel}","templated":true}]}}