{"id":499963,"date":"2025-10-30T12:46:15","date_gmt":"2025-10-30T12:46:15","guid":{"rendered":"https:\/\/www.europesays.com\/fr\/499963\/"},"modified":"2025-10-30T12:46:15","modified_gmt":"2025-10-30T12:46:15","slug":"n2-le-programme-complet-de-la-9e-journee-les-girondins-en-deplacement-a-chauray-le-leader-a-la-maison","status":"publish","type":"post","link":"https:\/\/www.europesays.com\/fr\/499963\/","title":{"rendered":"N2 : le programme complet de la 9e journ\u00e9e, les Girondins en d\u00e9placement \u00e0 Chauray, le leader \u00e0 la maison"},"content":{"rendered":"<p><img decoding=\"async\" src=\"https:\/\/www.europesays.com\/fr\/wp-content\/uploads\/2025\/10\/671_cdf4e305676330e6a5f16a7bf11cc1ca.jpg\" alt=\"N2 : le programme complet de la 9e journ\u00e9e, les Girondins en d\u00e9placement \u00e0 Chauray, le leader \u00e0 la maison\" class=\"img-responsive mt-3\"\/><\/p>\n<p class=\"text-center mb-3\" style=\"font-size: 14px\">\u00a9 Iconsport<\/p>\n<p>      <strong>Les Girondins en d\u00e9placement \u00e0 Chauray pour la 9e journ\u00e9e de National 2<\/strong><\/p>\n<p style=\"text-align: justify;\">En championnat, Bordeaux reste sur deux victoires \u00e0 Poitiers et \u00e0 domicile face \u00e0 La Roche-sur-Yon sur le score de 3 \u00e0 0 avec 6 buts marqu\u00e9s et aucun encaiss\u00e9.<\/p>\n<p style=\"text-align: justify;\"><strong>Match vendredi \u00e0 19h30 :<\/strong><\/p>\n<p>Angoul\u00eame Charente FC &#8211; US Saint-Malo<\/p>\n<p style=\"text-align: justify;\"><strong>Match samedi \u00e0 17h :<\/strong><\/p>\n<p>FC Lorient II &#8211; Les Herbiers<\/p>\n<p style=\"text-align: justify;\"><strong>Matchs samedi \u00e0 18h :<\/strong><\/p>\n<p style=\"text-align: justify;\">Stade Poitevin FC &#8211; Olympique Saumur FC<br \/>Vend\u00e9e Foot Club RY &#8211; Voltigeurs de Ch\u00e2teaubriant<br \/><a href=\"https:\/\/www.webgirondins.com\/actualite-girondins-chauray-bordeaux-sur-quelle-chaine-et-comment-regarder-le-match-130967\" target=\"_blank\" rel=\"noopener nofollow\">Chauray FC &#8211; FC Girondins de Bordeaux<\/a><br \/>Saint-Colomban Locmin\u00e9 &#8211; US Avranches<br \/>Dinan L\u00e9hon &#8211; Aviron Bayonnais<br \/>US Granville &#8211; FC Montlouis<\/p>\n<p><a href=\"https:\/\/www.webgirondins.com\/classement-girondins-national-2\" target=\"_blank\" rel=\"noopener nofollow\">Voir le classement de National 1 poule A<\/a><\/p>\n<p>\u00c0 lire aussi &gt;&gt;\u00a0<strong><a href=\"https:\/\/www.webgirondins.com\/actualite-girondins-n2-fabrice-fontaine-coach-de-chauray-explique-son-systeme-de-jeu-avant-d-affronter-les-girondins-130954\" target=\"_blank\" rel=\"noopener nofollow\">N2 : Fabrice Fontaine (coach de Chauray) explique son syst\u00e8me de jeu avant d&rsquo;affronter les Girondins<\/a><\/strong><\/p>\n<p>Notre podcast court sur l&rsquo;actu des Girondins :<\/p>\n<p>\u00a0<\/p>\n","protected":false},"excerpt":{"rendered":"\u00a9 Iconsport Les Girondins en d\u00e9placement \u00e0 Chauray pour la 9e journ\u00e9e de National 2 En championnat, Bordeaux&hellip;\n","protected":false},"author":2,"featured_media":499964,"comment_status":"","ping_status":"","sticky":false,"template":"","format":"standard","meta":{"footnotes":""},"categories":[1410],"tags":[3987,17667,62226,2562,3396,6041,1997,22484,3949,1446,11925,62227,63,1011,27,1987,3465,6079,3289,2142,3238,6752,4789,471,44734,5240,3982,521,60],"class_list":{"0":"post-499963","1":"post","2":"type-post","3":"status-publish","4":"format-standard","5":"has-post-thumbnail","7":"category-football","8":"tag-affronter","9":"tag-ambition","10":"tag-animee","11":"tag-annonce","12":"tag-avec","13":"tag-belle","14":"tag-bordeaux","15":"tag-chauray","16":"tag-complet","17":"tag-dans","18":"tag-deplacement","19":"tag-deplaceront","20":"tag-football","21":"tag-fr","22":"tag-france","23":"tag-girondins","24":"tag-journee","25":"tag-leader","26":"tag-leur","27":"tag-maison","28":"tag-national","29":"tag-niort","30":"tag-poule","31":"tag-pour","32":"tag-poursuivre","33":"tag-programme","34":"tag-samedi","35":"tag-serie","36":"tag-sports"},"share_on_mastodon":{"url":"https:\/\/pubeurope.com\/@fr\/115463192241570677","error":""},"_links":{"self":[{"href":"https:\/\/www.europesays.com\/fr\/wp-json\/wp\/v2\/posts\/499963","targetHints":{"allow":["GET"]}}],"collection":[{"href":"https:\/\/www.europesays.com\/fr\/wp-json\/wp\/v2\/posts"}],"about":[{"href":"https:\/\/www.europesays.com\/fr\/wp-json\/wp\/v2\/types\/post"}],"author":[{"embeddable":true,"href":"https:\/\/www.europesays.com\/fr\/wp-json\/wp\/v2\/users\/2"}],"replies":[{"embeddable":true,"href":"https:\/\/www.europesays.com\/fr\/wp-json\/wp\/v2\/comments?post=499963"}],"version-history":[{"count":0,"href":"https:\/\/www.europesays.com\/fr\/wp-json\/wp\/v2\/posts\/499963\/revisions"}],"wp:featuredmedia":[{"embeddable":true,"href":"https:\/\/www.europesays.com\/fr\/wp-json\/wp\/v2\/media\/499964"}],"wp:attachment":[{"href":"https:\/\/www.europesays.com\/fr\/wp-json\/wp\/v2\/media?parent=499963"}],"wp:term":[{"taxonomy":"category","embeddable":true,"href":"https:\/\/www.europesays.com\/fr\/wp-json\/wp\/v2\/categories?post=499963"},{"taxonomy":"post_tag","embeddable":true,"href":"https:\/\/www.europesays.com\/fr\/wp-json\/wp\/v2\/tags?post=499963"}],"curies":[{"name":"wp","href":"https:\/\/api.w.org\/{rel}","templated":true}]}}