{"id":499971,"date":"2025-10-30T12:51:28","date_gmt":"2025-10-30T12:51:28","guid":{"rendered":"https:\/\/www.europesays.com\/fr\/499971\/"},"modified":"2025-10-30T12:51:28","modified_gmt":"2025-10-30T12:51:28","slug":"philippe-vandel-raconte-la-pire-interview-de-sa-carriere-avec-la-chanteuse-jenifer","status":"publish","type":"post","link":"https:\/\/www.europesays.com\/fr\/499971\/","title":{"rendered":"Philippe Vandel raconte la pire interview de sa carri\u00e8re avec la chanteuse Jenifer"},"content":{"rendered":"<p>Philippe Vandel \u00e9tait l&rsquo;invit\u00e9 du Buzz TV ce mercredi 29 octobre pour \u00e9voquer la sortie de son nouvel ouvrage. Interrog\u00e9 sur la pire interview de sa carri\u00e8re, il a balanc\u00e9 sur un \u00e9change avec Jenifer destin\u00e9 \u00e0 Franceinfo.<\/p>\n<p>En juillet 2023, <a href=\"https:\/\/www.programme-tv.net\/news\/people\/331409-ravi-et-le-coeur-serre-philippe-vandel-fait-ses-adieux-a-culture-media-il-ne-parvient-pas-a-cacher-son-emotion-video\/\" data-api-deeplink=\"teleloisirs:\/\/news\/331409\" target=\"_blank\" rel=\"noopener\">Philippe Vandel avait fait ses adieux \u00e0 Europe 1, o\u00f9 il pr\u00e9sentait Culture M\u00e9dias depuis plusieurs ann\u00e9es.<\/a> Apr\u00e8s avoir rebondi sur Franceinfo, il a int\u00e9gr\u00e9 l&rsquo;\u00e9quipe de T\u00e9l\u00e9matin. <a href=\"https:\/\/www.programme-tv.net\/news\/people\/368946-pan-sur-le-bec-philippe-vandel-sexcuse-apres-avoir-relaye-de-fausses-informations-en-direct-dans-sa-chronique-de-telematin\/\" data-api-deeplink=\"teleloisirs:\/\/news\/368946\" target=\"_blank\" rel=\"noopener\">Il avait d&rsquo;ailleurs pr\u00e9sent\u00e9 ses excuses apr\u00e8s avoir relay\u00e9 de fausses informations dans sa chronique<\/a>. Celui qui est intervenu sur Canal + dans Nulle part ailleurs et<a href=\"https:\/\/www.programme-tv.net\/news\/tv\/202113-faire-le-mariole-ce-nest-pas-dans-ma-nature-philippe-vandel-explique-pourquoi-il-a-quitte-touche-pas-a-mon-poste\/\" data-api-deeplink=\"teleloisirs:\/\/news\/202113\" target=\"_blank\" rel=\"noopener\"> qui a fait un temps partie de la bande de Cyril Hanouna dans Touche pas \u00e0 mon poste<\/a> vient de sortir un nouvel ouvrage, Dico Fran\u00e7ais Fran\u00e7ais aux \u00e9ditions K\u00e9ro. Il \u00e9tait convi\u00e9 sur le plateau du<a href=\"https:\/\/tvmag.lefigaro.fr\/programme-tv\/ce-soir-tele\/ma-pire-interview-avec-jenifer-philippe-vandel-raconte-son-entretien-laborieux-avec-la-chanteuse-20251029\" target=\"_blank\" rel=\"noopener\"> Buzz TV <\/a>pour en faire la promotion.<\/p>\n<p>Philippe Vandel raconte une interview calamiteuse avec Jenifer<\/p>\n<p>Le compagnon de Doroth\u00e9e Olli\u00e9ric a \u00e9t\u00e9 interrog\u00e9 sur la pire interview qu&rsquo;il a r\u00e9alis\u00e9 dans sa carri\u00e8re. \u00ab\u00a0Je ne l&rsquo;ai jamais racont\u00e9e. J&rsquo;\u00e9tais \u00e0 Franceinfo et je faisais une \u00e9mission qui s&rsquo;appelait Tout et son contraire. L&rsquo;id\u00e9e c&rsquo;\u00e9tait que je parlais de tout et du contraire de tout. C&rsquo;\u00e9tait \u00e0 la fois l&rsquo;actu, mais pas l&rsquo;actu, aussi bien les questions que tout le monde se pose que les questions que personne n&rsquo;ose poser. Et \u00e7a marchait tr\u00e8s bien et \u00e7a a dur\u00e9 neuf ans\u00a0\u00bb, a-t-il contextualis\u00e9. Pour chaque entretien, il enregistrait 25 minutes d&rsquo;\u00e9change pour un quart d&rsquo;heure diffus\u00e9 \u00e0 l&rsquo;antenne. \u00ab\u00a0Sinon, quand je voyais qu&rsquo;il n&rsquo;y avait rien, je faisais durer. Et les deux pires, \u00e7a a \u00e9t\u00e9 Jenifer et <a href=\"https:\/\/www.programme-tv.net\/biographie\/231405-dupont-aignan-nicolas\/\" data-link-people=\"b3958172-8646-4326-9709-ce6a4a0836fe\" target=\"_blank\" rel=\"noopener\">Nicolas Dupont-Aignan<\/a>\u00ab\u00a0, a-t-il balanc\u00e9. Il a ensuite d\u00e9taill\u00e9 les raisons de cet \u00e9chec. \u00ab\u00a0Jenifer, j&rsquo;ai fait 55 minutes d&rsquo;interview. Je lui dis &lsquo;comment vous avez choisi dans cette chanson, vous racontez \u00e7a ?&rsquo; Elle me dit &lsquo;ben oui, mais ce n&rsquo;est pas moi qui l&rsquo;ai \u00e9crite&rsquo;. Alors je lui dis &lsquo;d&rsquo;accord mais comment vous avez choisi le texte ?&rsquo; Elle dit &lsquo;ce n&rsquo;est pas moi qui ai choisi, c&rsquo;est une \u00e9quipe&rsquo;. En plus, je l&rsquo;aime bien. J&rsquo;\u00e9tais un petit peu g\u00ean\u00e9\u00a0\u00bb, a-t-il racont\u00e9.<b> <\/b><b>\u00ab\u00a0Et puis, il ne se passait rien, il n&rsquo;y avait pas de r\u00e9pondant\u00a0\u00bb<\/b>, a-t-il compl\u00e9t\u00e9 au sujet de cette interview calamiteuse. Avant d&rsquo;ass\u00e9ner le coup de gr\u00e2ce :<b> \u00ab\u00a0elle r\u00e9pondait comme si elle \u00e9tait \u00e9trang\u00e8re \u00e0 son propre album\u00a0\u00bb. <\/b><\/p>\n<p>                        <b>Comment <\/b>Philippe Vandel appr\u00e9hende-t-il les d\u00e9parts sur le terrain de sa compagne Doroth\u00e9e Olli\u00e9ric ?<\/p>\n<p>Philippe Vandel partage la vie de la reporter de guerre Doroth\u00e9e Olli\u00e9ric, avec qui il a eu deux enfants. <a href=\"https:\/\/www.programme-tv.net\/news\/people\/360022-il-est-peut-etre-inquiet-dorothee-ollieric-devoile-la-promesse-de-son-compagnon-philippe-vandel-lorsqu-elle-part-sur-des-zones-de-guerre\/\" data-api-deeplink=\"teleloisirs:\/\/news\/360022\" target=\"_blank\" rel=\"noopener\">Elle avait expliqu\u00e9 comment il vivait ses d\u00e9parts sur le terrain.<\/a> \u00ab\u00a0Ce qui est tr\u00e8s bien c&rsquo;est que les d\u00e9parts ont toujours \u00e9t\u00e9 l\u00e9gers, gais, joyeux, m\u00eame s&rsquo;il \u00e9tait peut-\u00eatre inquiet. Il n&rsquo;a pas fait part de son inqui\u00e9tude parce que \u00e7a aurait \u00e9t\u00e9 tr\u00e8s plombant, difficile de partir si tout le monde a la larme \u00e0 l&rsquo;\u0153il\u00a0\u00bb, avait-elle expliqu\u00e9.<\/p>\n","protected":false},"excerpt":{"rendered":"Philippe Vandel \u00e9tait l&rsquo;invit\u00e9 du Buzz TV ce mercredi 29 octobre pour \u00e9voquer la sortie de son nouvel&hellip;\n","protected":false},"author":2,"featured_media":499972,"comment_status":"","ping_status":"","sticky":false,"template":"","format":"standard","meta":{"footnotes":""},"categories":[1355],"tags":[12232,244,58,59,1011,27,45886,3284,11010,62229,1361,873,62228,10058,1630],"class_list":{"0":"post-499971","1":"post","2":"type-post","3":"status-publish","4":"format-standard","5":"has-post-thumbnail","7":"category-musique","8":"tag-clash","9":"tag-commentaire","10":"tag-divertissement","11":"tag-entertainment","12":"tag-fr","13":"tag-france","14":"tag-france-tu00e9lu00e9visions","15":"tag-jenifer","16":"tag-jenifer-bartoli","17":"tag-les-terriens-du-samedi","18":"tag-music","19":"tag-musique","20":"tag-philippe-vandel","21":"tag-thierry-ardisson","22":"tag-zapping"},"share_on_mastodon":{"url":"https:\/\/pubeurope.com\/@fr\/115463211095330947","error":""},"_links":{"self":[{"href":"https:\/\/www.europesays.com\/fr\/wp-json\/wp\/v2\/posts\/499971","targetHints":{"allow":["GET"]}}],"collection":[{"href":"https:\/\/www.europesays.com\/fr\/wp-json\/wp\/v2\/posts"}],"about":[{"href":"https:\/\/www.europesays.com\/fr\/wp-json\/wp\/v2\/types\/post"}],"author":[{"embeddable":true,"href":"https:\/\/www.europesays.com\/fr\/wp-json\/wp\/v2\/users\/2"}],"replies":[{"embeddable":true,"href":"https:\/\/www.europesays.com\/fr\/wp-json\/wp\/v2\/comments?post=499971"}],"version-history":[{"count":0,"href":"https:\/\/www.europesays.com\/fr\/wp-json\/wp\/v2\/posts\/499971\/revisions"}],"wp:featuredmedia":[{"embeddable":true,"href":"https:\/\/www.europesays.com\/fr\/wp-json\/wp\/v2\/media\/499972"}],"wp:attachment":[{"href":"https:\/\/www.europesays.com\/fr\/wp-json\/wp\/v2\/media?parent=499971"}],"wp:term":[{"taxonomy":"category","embeddable":true,"href":"https:\/\/www.europesays.com\/fr\/wp-json\/wp\/v2\/categories?post=499971"},{"taxonomy":"post_tag","embeddable":true,"href":"https:\/\/www.europesays.com\/fr\/wp-json\/wp\/v2\/tags?post=499971"}],"curies":[{"name":"wp","href":"https:\/\/api.w.org\/{rel}","templated":true}]}}