{"id":499973,"date":"2025-10-30T12:53:20","date_gmt":"2025-10-30T12:53:20","guid":{"rendered":"https:\/\/www.europesays.com\/fr\/499973\/"},"modified":"2025-10-30T12:53:20","modified_gmt":"2025-10-30T12:53:20","slug":"en-6-mois-elle-perd-13-kilos","status":"publish","type":"post","link":"https:\/\/www.europesays.com\/fr\/499973\/","title":{"rendered":"en 6 mois, elle perd 13 kilos"},"content":{"rendered":"<p class=\"post-excerpt\">Apr\u00e8s 50 ans, bien choisir son<br \/>\npetit-d\u00e9jeuner devient un enjeu cl\u00e9 pour pr\u00e9server sa sant\u00e9,<br \/>\nmaintenir son poids et garder de l\u2019\u00e9nergie toute la journ\u00e9e.<\/p>\n<p>Adopter un petit-d\u00e9jeuner adapt\u00e9 apr\u00e8s 50 ans peut radicalement<br \/>\ntransformer <strong>la silhouette et la vitalit\u00e9.<\/strong><br \/>\nL\u2019exemple de Petra Genco, influenceuse de 57 ans, illustre \u00e0 quel<br \/>\npoint un changement <a href=\"https:\/\/www.aufeminin.com\/manger-equilibre\/petits-dejeuners-a-index-glycemique-bas-les-meilleures-associations-a-faire-le-matin-pour-eviter-les-pics-de-sucre-s4100553.html\" target=\"_blank\" rel=\"noopener\"><br \/>\nde routine matinale<\/a> peut \u00eatre d\u00e9cisif\u202f: elle a perdu 13 kilos<br \/>\nen seulement 6 mois gr\u00e2ce \u00e0 la r\u00e9invention de son premier repas de<br \/>\nla journ\u00e9e.<\/p>\n<p>La cinquantaine apporte son lot de d\u00e9fis m\u00e9taboliques,<br \/>\ndiminution de la masse musculaire, ralentissement du m\u00e9tabolisme et<br \/>\nd\u00e9s\u00e9quilibre hormonal, qui complexifient la perte de poids.<br \/>\nCependant, <a href=\"https:\/\/www.aufeminin.com\/manger-equilibre\/petit-dejeuner-voici-les-5-aliments-a-manger-le-matin-pour-eviter-les-pics-de-sucre-dans-le-sang-selon-une-experte-s4113381.html\" target=\"_blank\" rel=\"noopener\"><br \/>\nun petit-d\u00e9jeuner id\u00e9al<\/a>,\u00a0\u00e0 la fois rassasiant et nutritif,<br \/>\nfavorise <a href=\"https:\/\/www.aufeminin.com\/manger-equilibre\/glycemie-voici-meilleur-petit-dejeuner-remplacer-viennoiseries-et-eviter-pics-de-sucre-dans-le-sang-vous-avez-chez-vous-s4097690.html\" target=\"_blank\" rel=\"noopener\"><br \/>\nla sati\u00e9t\u00e9 durable<\/a> et <strong>le contr\u00f4le de l\u2019app\u00e9tit<\/strong><br \/>\ntout au long de la journ\u00e9e.\u200b<\/p>\n<p>Pourquoi le petit-d\u00e9jeuner est crucial apr\u00e8s 50 ans<\/p>\n<p>\u00c0 partir de 50 ans, le corps r\u00e9agit diff\u00e9remment \u00e0 la nutrition.<br \/>\nLe m\u00e9tabolisme ralentit, la masse musculaire diminue et les<br \/>\nhormones jouent un r\u00f4le croissant dans la gestion du poids. Un<br \/>\npetit-d\u00e9jeuner traditionnel fran\u00e7ais, souvent tr\u00e8s sucr\u00e9<br \/>\n(viennoiseries, c\u00e9r\u00e9ales raffin\u00e9es, confiture), ne convient plus\u202f:<br \/>\nil provoque des pics de glyc\u00e9mie suivis de fringales, qui<br \/>\nfavorisent la prise de poids et la fatigue matinale. Pour \u00e9viter ce<br \/>\ncercle vicieux, il faut privil\u00e9gier une assiette riche en prot\u00e9ines<br \/>\n(\u0153ufs, skyr, fromage blanc), en fibres (flocons d\u2019avoine, graines<br \/>\nde chia, fruits) et en bonnes graisses (avocat, ol\u00e9agineux). Cette<br \/>\ncombinaison r\u00e9gule la faim, <strong>maintient l\u2019\u00e9nergie<\/strong> et<br \/>\nsoutient le maintien de la masse musculaire, essentielle apr\u00e8s la<br \/>\nm\u00e9nopause.\u200b<\/p>\n<p>Selon une \u00e9tude publi\u00e9e dans Obesity Research &amp; Clinical<br \/>\nPractice, consommer 30 g de prot\u00e9ines au petit-d\u00e9jeuner permet de<br \/>\nmieux contr\u00f4ler l\u2019app\u00e9tit durant la journ\u00e9e, diminuant <strong>les<br \/>\nenvies de grignotage<\/strong> et facilitant la perte de poids. Les<br \/>\nfibres, quant \u00e0 elles, contribuent \u00e0 la sati\u00e9t\u00e9 et \u00e0 la r\u00e9gulation<br \/>\ndu transit intestinal, un atout pour le confort digestif des plus<br \/>\nde 50 ans.\u200b<\/p>\n<p>Le changement gagnant\u202f: t\u00e9moignage et recette<\/p>\n<p>Face \u00e0 la stagnation de son poids, Petra Genco a d\u00e9cid\u00e9 de<br \/>\nrevoir totalement <strong>la composition de son<br \/>\npetit-d\u00e9jeuner<\/strong>. Exit le pain blanc et la confiture\u202f: elle<br \/>\na instaur\u00e9 chaque matin une assiette compos\u00e9e de trois \u0153ufs<br \/>\nbrouill\u00e9s avec une noisette de beurre, un demi-avocat en d\u00e9s et une<br \/>\ncuiller\u00e9e de fromage blanc, parfois agr\u00e9ment\u00e9e de fraises fra\u00eeches.<br \/>\nCe choix lui permet d\u2019\u00e9viter les fringales, de maintenir son<br \/>\n\u00e9nergie pendant des heures et de soutenir son m\u00e9tabolisme.\u200b<\/p>\n<p><img loading=\"lazy\" decoding=\"async\" itemprop=\"thumbnailUrl\" class=\"alignnone size-large wp-image-2670624 img-responsive pinit-here\" src=\"https:\/\/www.europesays.com\/fr\/wp-content\/uploads\/2025\/10\/petit-dejeuner-1024x493.jpg\" alt=\"Le petit-d\u00e9jeuner\" width=\"1024\" height=\"493\" data-pin-media=\"https:\/\/sf1.afcdn.com\/wp-content\/uploads\/aufeminin\/2025\/10\/petit-dejeuner-736x355.jpg\"\/><br \/>\n\u00a9<br \/>\nShutterstock<\/p>\n<p>La r\u00e9ussite de Petra n\u2019est pas un cas isol\u00e9\u202f. Nombreux sont les<br \/>\nexperts et nutritionnistes qui recommandent <strong>cette<br \/>\nformule,<\/strong> expliquant que les prot\u00e9ines lib\u00e8rent des<br \/>\nhormones r\u00e9gulatrices de la faim, maintiennent la masse musculaire<br \/>\net optimisent la d\u00e9pense calorique. Les bons gras ralentissent la<br \/>\ndigestion, prolongeant la sati\u00e9t\u00e9, tandis que les fibres<br \/>\nstabilisent la glyc\u00e9mie.\u200b<\/p>\n<p>Pour reproduire ce petit-d\u00e9jeuner gagnant, il suffit<br \/>\nd\u2019associer\u202f:<\/p>\n<p>Pour reproduire ce petit-d\u00e9jeuner gagnant, il suffit d\u2019associer<br \/>\n<strong>un aliment source de prot\u00e9ines<\/strong>, comme des \u0153ufs, du<br \/>\nyaourt nature, du fromage blanc ou du tofu, pour favoriser la<br \/>\nsati\u00e9t\u00e9 et pr\u00e9server la masse musculaire. \u00c0 cela, on ajoute<br \/>\n<strong>un apport de bonnes graisses<\/strong>, telles que l\u2019avocat,<br \/>\nles noix, les amandes ou le beurre de cacahu\u00e8te, qui ralentissent<br \/>\nla digestion et contribuent \u00e0 une sati\u00e9t\u00e9 durable. <strong>Une<br \/>\nsource de fibres<\/strong> compl\u00e8te ce trio gagnant, avec par<br \/>\nexemple des flocons d\u2019avoine, des fruits frais ou des graines de<br \/>\nchia, qui aident \u00e0 r\u00e9guler le transit et stabiliser la<br \/>\nglyc\u00e9mie.<\/p>\n<p>Ce petit-d\u00e9jeuner \u00e9quilibr\u00e9 peut \u00eatre compl\u00e9t\u00e9 <strong>d\u2019une<br \/>\nboisson sans sucre<\/strong>, comme du th\u00e9 vert ou une eau<br \/>\ncitronn\u00e9e, pour bien d\u00e9marrer la journ\u00e9e avec l\u00e9g\u00e8ret\u00e9. Simple \u00e0<br \/>\nmettre en place, ce rituel nourrit le corps de mani\u00e8re optimale,<br \/>\nfavorise un mode de vie plus actif et soutient une perte de poids<br \/>\ndurable, m\u00eame apr\u00e8s 50 ans, o\u00f9 le m\u00e9tabolisme ralentit<br \/>\nnaturellement et o\u00f9 maintenir un apport nutritif adapt\u00e9 est<br \/>\nessentiel pour la sant\u00e9 globale et le bien-\u00eatre<\/p>\n","protected":false},"excerpt":{"rendered":"Apr\u00e8s 50 ans, bien choisir son petit-d\u00e9jeuner devient un enjeu cl\u00e9 pour pr\u00e9server sa sant\u00e9, maintenir son poids&hellip;\n","protected":false},"author":2,"featured_media":499974,"comment_status":"","ping_status":"","sticky":false,"template":"","format":"standard","meta":{"footnotes":""},"categories":[10],"tags":[2612,1011,27,72,34340,71],"class_list":{"0":"post-499973","1":"post","2":"type-post","3":"status-publish","4":"format-standard","5":"has-post-thumbnail","7":"category-sante","8":"tag-conseils","9":"tag-fr","10":"tag-france","11":"tag-health","12":"tag-petit-dejeuner","13":"tag-sante"},"share_on_mastodon":{"url":"https:\/\/pubeurope.com\/@fr\/115463219731039810","error":""},"_links":{"self":[{"href":"https:\/\/www.europesays.com\/fr\/wp-json\/wp\/v2\/posts\/499973","targetHints":{"allow":["GET"]}}],"collection":[{"href":"https:\/\/www.europesays.com\/fr\/wp-json\/wp\/v2\/posts"}],"about":[{"href":"https:\/\/www.europesays.com\/fr\/wp-json\/wp\/v2\/types\/post"}],"author":[{"embeddable":true,"href":"https:\/\/www.europesays.com\/fr\/wp-json\/wp\/v2\/users\/2"}],"replies":[{"embeddable":true,"href":"https:\/\/www.europesays.com\/fr\/wp-json\/wp\/v2\/comments?post=499973"}],"version-history":[{"count":0,"href":"https:\/\/www.europesays.com\/fr\/wp-json\/wp\/v2\/posts\/499973\/revisions"}],"wp:featuredmedia":[{"embeddable":true,"href":"https:\/\/www.europesays.com\/fr\/wp-json\/wp\/v2\/media\/499974"}],"wp:attachment":[{"href":"https:\/\/www.europesays.com\/fr\/wp-json\/wp\/v2\/media?parent=499973"}],"wp:term":[{"taxonomy":"category","embeddable":true,"href":"https:\/\/www.europesays.com\/fr\/wp-json\/wp\/v2\/categories?post=499973"},{"taxonomy":"post_tag","embeddable":true,"href":"https:\/\/www.europesays.com\/fr\/wp-json\/wp\/v2\/tags?post=499973"}],"curies":[{"name":"wp","href":"https:\/\/api.w.org\/{rel}","templated":true}]}}