{"id":499976,"date":"2025-10-30T12:55:10","date_gmt":"2025-10-30T12:55:10","guid":{"rendered":"https:\/\/www.europesays.com\/fr\/499976\/"},"modified":"2025-10-30T12:55:10","modified_gmt":"2025-10-30T12:55:10","slug":"iris-mittenaere-son-apparence-terrifie-sur-le-tapis-rouge-elle-est-meconnaissable-video","status":"publish","type":"post","link":"https:\/\/www.europesays.com\/fr\/499976\/","title":{"rendered":"Iris Mittenaere : son apparence terrifie sur le tapis rouge, elle est m\u00e9connaissable ! (Vid\u00e9o)"},"content":{"rendered":"<p>Le 29 octobre 2025, le tr\u00e8s select Pavillon Cambon a vibr\u00e9 aux<br \/>\ncouleurs d\u2019Halloween lors de la <strong data-start=\"162\" data-end=\"191\">Instagram Halloween Party,<\/strong> un rendez-vous \u00ab\u00a0close<br \/>\nfriends only\u00a0\u00bb o\u00f9 la cr\u00e8me des influenceurs, c\u00e9l\u00e9brit\u00e9s et VIP<br \/>\nparisiens est venue exhiber ses plus beaux d\u00e9lires costum\u00e9s.<\/p>\n<p>Sur place : un studio photo fa\u00e7on Vanity Fair pour immortaliser<br \/>\nles looks, DJ sets, bars \u00e0 cocktails cr\u00e9atifs et un d\u00e9cor pens\u00e9<br \/>\npour le show (l\u2019ambiance \u00e9tait r\u00e9solument clubby et<br \/>\nultra-instagrammable). La guest list ? Entre cr\u00e9ateurs de contenu,<br \/>\nmannequins et visages familiers des tapis rouges, les comptes<br \/>\nofficiels et les stories ont montr\u00e9 des arriv\u00e9es en petites robes,<br \/>\nmasques baroques, maquillages spectaculaires.<\/p>\n<p>Iris Mittenaere sexy pour Halloween<\/p>\n<blockquote class=\"instagram-media\" style=\"background: #ffffff;border: 0;margin: 1px;width: 100%;padding: 0;max-width: 500px;\" data-instgrm-permalink=\"https:\/\/www.instagram.com\/p\/DQbaBevDGGe\/\" data-instgrm-version=\"14\"\/>\n<p>Parmi les invit\u00e9s qui ont retenu l&rsquo;attention : Iris Mittenaere.<br \/>\nL\u2019<a href=\"https:\/\/www.closermag.fr\/people\/iris-mittenaere-sa-vie-privee-deballee-lex-miss-france-prend-le-taureau-par-les-cornes-3554268\" target=\"_blank\" rel=\"noopener\">ancienne<br \/>\nMiss France<\/a> et Miss Univers a fait sensation en se glissant<br \/>\ndans la peau de <strong data-start=\"1031\" data-end=\"1058\">l\u2019incontournable Grinch<\/strong> : peau verte, regard<br \/>\nmalicieux et un manteau rouge ou vert (selon le style), avec une<br \/>\ntouche de f\u00e9roce glamour.<\/p>\n<p>Sa version du Grinch, \u00e9l\u00e9gante et un peu espi\u00e8gle, a d\u00e9clench\u00e9<br \/>\nune avalanche de likes et de partages sur Instagram.<br \/>\n\u00ab\u00a0<strong>Pour la<br \/>\nsoir\u00e9e\u00a0@meta\u00a0X\u00a0@vanityfairfrance\u00a0on est partis<br \/>\navec mon styliste\u00a0@liamcdjg sur une inspi de mon film pr\u00e9f<br \/>\ntout en le twistant en mode glam .. r\u00e9sultat : Madame grinch pour<br \/>\nvous servir<\/strong>\u00a0\u00bb a-t-elle expliqu\u00e9 sur son compte<br \/>\nInstagram.<\/p>\n<p>Grinch : retour sur l&rsquo;histoire du<br \/>\npersonnage<\/p>\n<p>Le Grinch, personnage<br \/>\ninvent\u00e9 par le Dr. Seuss dans le livre <strong data-start=\"1376\" data-end=\"1411\">How the Grinch Stole Christmas!<\/strong>, est<br \/>\nsurtout connu du grand public gr\u00e2ce aux adaptations cin\u00e9 : celle de<br \/>\n2000 avec <a href=\"https:\/\/www.closermag.fr\/bio-people\/biographie-jim-carrey-112172\" target=\"_blank\" rel=\"noopener\">Jim<br \/>\nCarrey<\/a>, et plus r\u00e9cemment les films d\u2019animation comme<br \/>\nThe Grinch (2018). Le<br \/>\nGrinch est un \u00eatre <strong>grincheux, solitaire, qui<br \/>\nd\u00e9teste<\/strong> <a href=\"https:\/\/www.closermag.fr\/vecu\/maman-dun-nouveau-ne-elle-prend-une-decision-radicale-pour-noel-au-risque-de-facher-sa-famille-et-son-mari-3590383\" target=\"_blank\" rel=\"noopener\"><br \/>\nNo\u00ebl<\/a>. Il vit reclus au sommet de la montagne du Mont Crumpit,<br \/>\nobserve la ville de Whoville et d\u00e9cide, exc\u00e9d\u00e9 par la f\u00eate de No\u00ebl,<br \/>\nde saboter les c\u00e9l\u00e9brations.<\/p>\n<p>Dans la version de Jim Carrey (2000), le personnage est \u00e0 la<br \/>\nfois comique et t\u00e9n\u00e9breux, avec une dimension profond\u00e9ment bless\u00e9e<br \/>\n: le visage expressif, les mimiques outr\u00e9es, la dualit\u00e9 entre<br \/>\nm\u00e9chancet\u00e9 et coeur bless\u00e9. Le film offre une esth\u00e9tique color\u00e9e,<br \/>\nun humour parfois sarcastique, mais aussi une \u00e9motion sinc\u00e8re \u2014 et<br \/>\nc\u2019est cette tension que beaucoup appr\u00e9cient.<\/p>\n<p><script async src=\"\/\/www.instagram.com\/embed.js\"><\/script><\/p>\n","protected":false},"excerpt":{"rendered":"Le 29 octobre 2025, le tr\u00e8s select Pavillon Cambon a vibr\u00e9 aux couleurs d\u2019Halloween lors de la Instagram&hellip;\n","protected":false},"author":2,"featured_media":499977,"comment_status":"","ping_status":"","sticky":false,"template":"","format":"standard","meta":{"footnotes":""},"categories":[8],"tags":[58,59,1011,27,20815,7308],"class_list":{"0":"post-499976","1":"post","2":"type-post","3":"status-publish","4":"format-standard","5":"has-post-thumbnail","7":"category-divertissement","8":"tag-divertissement","9":"tag-entertainment","10":"tag-fr","11":"tag-france","12":"tag-halloween","13":"tag-iris-mittenaere"},"share_on_mastodon":{"url":"https:\/\/pubeurope.com\/@fr\/115463227023793572","error":""},"_links":{"self":[{"href":"https:\/\/www.europesays.com\/fr\/wp-json\/wp\/v2\/posts\/499976","targetHints":{"allow":["GET"]}}],"collection":[{"href":"https:\/\/www.europesays.com\/fr\/wp-json\/wp\/v2\/posts"}],"about":[{"href":"https:\/\/www.europesays.com\/fr\/wp-json\/wp\/v2\/types\/post"}],"author":[{"embeddable":true,"href":"https:\/\/www.europesays.com\/fr\/wp-json\/wp\/v2\/users\/2"}],"replies":[{"embeddable":true,"href":"https:\/\/www.europesays.com\/fr\/wp-json\/wp\/v2\/comments?post=499976"}],"version-history":[{"count":0,"href":"https:\/\/www.europesays.com\/fr\/wp-json\/wp\/v2\/posts\/499976\/revisions"}],"wp:featuredmedia":[{"embeddable":true,"href":"https:\/\/www.europesays.com\/fr\/wp-json\/wp\/v2\/media\/499977"}],"wp:attachment":[{"href":"https:\/\/www.europesays.com\/fr\/wp-json\/wp\/v2\/media?parent=499976"}],"wp:term":[{"taxonomy":"category","embeddable":true,"href":"https:\/\/www.europesays.com\/fr\/wp-json\/wp\/v2\/categories?post=499976"},{"taxonomy":"post_tag","embeddable":true,"href":"https:\/\/www.europesays.com\/fr\/wp-json\/wp\/v2\/tags?post=499976"}],"curies":[{"name":"wp","href":"https:\/\/api.w.org\/{rel}","templated":true}]}}