{"id":499987,"date":"2025-10-30T13:01:11","date_gmt":"2025-10-30T13:01:11","guid":{"rendered":"https:\/\/www.europesays.com\/fr\/499987\/"},"modified":"2025-10-30T13:01:11","modified_gmt":"2025-10-30T13:01:11","slug":"une-maman-et-son-bebe-blesses-dans-un-accident","status":"publish","type":"post","link":"https:\/\/www.europesays.com\/fr\/499987\/","title":{"rendered":"une maman et son b\u00e9b\u00e9 bless\u00e9s dans un accident"},"content":{"rendered":"<p>            Par<br \/>\n        <strong><br \/>\n            <a href=\"https:\/\/actu.fr\/auteur\/mathias-souteyrat\" title=\"Consulter tous les articles de Mathias Souteyrat\" rel=\"nofollow noopener\" target=\"_blank\">Mathias Souteyrat<\/a><br \/>\n        <\/strong><\/p>\n<p>        Publi\u00e9 le<\/p>\n<p>            30 oct. 2025 \u00e0 13h30        <\/p>\n<p>Il \u00e9tait 8h39, ce jeudi 30\u00a0octobre 2025, quand un accident de la circulation s\u2019est produit \u00e0 <a href=\"https:\/\/actu.fr\/auvergne-rhone-alpes\/sorbiers_42302\" rel=\"nofollow noopener\" target=\"_blank\">Sorbiers<\/a> (Loire), pr\u00e8s de <a href=\"https:\/\/actu.fr\/saint-etienne\/\" rel=\"nofollow noopener\" target=\"_blank\">Saint-Etienne<\/a>.<\/p>\n<p class=\" wall-content\">Sur la route de Saint-Chamond, les secours sont intervenus suite \u00e0 un accident entre deux v\u00e9hicules l\u00e9gers. La conductrice de 31 ans et son b\u00e9b\u00e9 de 20 mois ont \u00e9t\u00e9 transport\u00e9s vers le centre hospitalier nord pour des examens de contr\u00f4le.<\/p>\n<p class=\" wall-content\"><strong>L\u2019autre victime n\u2019a pas \u00e9t\u00e9 bless\u00e9e<\/strong>. D\u2019autres accidents de la route ont eu lieu ce jeudi matin.<\/p>\n<p>Un autre accident \u00e0 Savigneux entre un camion, une camionnette et une voiture<\/p>\n<p class=\" wall-content\">\u00c0 Savigneux, boulevard Pierre de Coubertin, vers 9\u00a0heures, les sapeurs-pompiers ont \u00e9t\u00e9 appel\u00e9s pour un accident impliquant un poids-lourd, une camionnette et une voiture.<\/p>\n<p>Le mur d&rsquo;une maison s&rsquo;effondre \u00e0 Noailly<\/p>\n<p>Sur la commune de Noailly, \u00e0 La Croix de la Perche, les sapeurs-pompiers sont aussi intervenus pour l\u2019effondrement d\u2019une partie d\u2019un mur d\u2019une maison. Les deux occupants sont relog\u00e9s. <br \/>La mairie a pris un arr\u00eat\u00e9 d\u2019interdiction de p\u00e9n\u00e9trer.<\/p>\n<p class=\" wall-content\">Le poids-lourd a \u00e9galement <strong>heurt\u00e9 un mur de cl\u00f4ture de 2\u00a0m\u00e8tres de haut<\/strong> et un poteau t\u00e9l\u00e9phonique.<\/p>\n<p class=\" wall-content\">Le conducteur du poids-lourd, un homme de 42\u00a0ans, et celui de la voiture, un homme de 29\u00a0ans, tous les deux en urgence relative, ont \u00e9t\u00e9 transport\u00e9s sur le centre hospitalier de Montbrison.<\/p>\n<p class=\" wall-content\">Personnalisez votre actualit\u00e9 en ajoutant vos villes et m\u00e9dias en favori avec <a href=\"https:\/\/moncompte.actu.fr\" title=\"D\u00e9couvez Mon Actu\" rel=\"nofollow noopener\" data-trk=\"{&quot;cta&quot;:{&quot;action&quot;:&quot;https:\\\/\\\/moncompte.actu.fr&quot;,&quot;category&quot;:&quot;mon compte&quot;,&quot;from&quot;:&quot;article footer&quot;,&quot;name&quot;:&quot;Mon actu&quot;,&quot;type&quot;:&quot;cta&quot;}}\" target=\"_blank\">Mon Actu<\/a>.<\/p>\n","protected":false},"excerpt":{"rendered":"Par Mathias Souteyrat Publi\u00e9 le 30 oct. 2025 \u00e0 13h30 Il \u00e9tait 8h39, ce jeudi 30\u00a0octobre 2025, quand&hellip;\n","protected":false},"author":2,"featured_media":499988,"comment_status":"","ping_status":"","sticky":false,"template":"","format":"standard","meta":{"footnotes":""},"categories":[9653],"tags":[119,1111,11,2430,1777,674,118,1011,27,12,1311,25,4001],"class_list":{"0":"post-499987","1":"post","2":"type-post","3":"status-publish","4":"format-standard","5":"has-post-thumbnail","7":"category-saint-etienne","8":"tag-accident","9":"tag-actu","10":"tag-actualites","11":"tag-auvergne-rhone-alpes","12":"tag-eu","13":"tag-europe","14":"tag-faits-divers","15":"tag-fr","16":"tag-france","17":"tag-news","18":"tag-pompiers","19":"tag-republique-francaise","20":"tag-saint-etienne"},"share_on_mastodon":{"url":"https:\/\/pubeurope.com\/@fr\/115463250543076234","error":""},"_links":{"self":[{"href":"https:\/\/www.europesays.com\/fr\/wp-json\/wp\/v2\/posts\/499987","targetHints":{"allow":["GET"]}}],"collection":[{"href":"https:\/\/www.europesays.com\/fr\/wp-json\/wp\/v2\/posts"}],"about":[{"href":"https:\/\/www.europesays.com\/fr\/wp-json\/wp\/v2\/types\/post"}],"author":[{"embeddable":true,"href":"https:\/\/www.europesays.com\/fr\/wp-json\/wp\/v2\/users\/2"}],"replies":[{"embeddable":true,"href":"https:\/\/www.europesays.com\/fr\/wp-json\/wp\/v2\/comments?post=499987"}],"version-history":[{"count":0,"href":"https:\/\/www.europesays.com\/fr\/wp-json\/wp\/v2\/posts\/499987\/revisions"}],"wp:featuredmedia":[{"embeddable":true,"href":"https:\/\/www.europesays.com\/fr\/wp-json\/wp\/v2\/media\/499988"}],"wp:attachment":[{"href":"https:\/\/www.europesays.com\/fr\/wp-json\/wp\/v2\/media?parent=499987"}],"wp:term":[{"taxonomy":"category","embeddable":true,"href":"https:\/\/www.europesays.com\/fr\/wp-json\/wp\/v2\/categories?post=499987"},{"taxonomy":"post_tag","embeddable":true,"href":"https:\/\/www.europesays.com\/fr\/wp-json\/wp\/v2\/tags?post=499987"}],"curies":[{"name":"wp","href":"https:\/\/api.w.org\/{rel}","templated":true}]}}