{"id":499989,"date":"2025-10-30T13:02:15","date_gmt":"2025-10-30T13:02:15","guid":{"rendered":"https:\/\/www.europesays.com\/fr\/499989\/"},"modified":"2025-10-30T13:02:15","modified_gmt":"2025-10-30T13:02:15","slug":"saint-etienne-ce-week-end-decouvrez-la-ville-autrement-grace-au-sainte-trail-urbain","status":"publish","type":"post","link":"https:\/\/www.europesays.com\/fr\/499989\/","title":{"rendered":"Saint-\u00c9tienne. Ce week-end, d\u00e9couvrez la ville autrement gr\u00e2ce au Saint\u00e9 Trail Urbain"},"content":{"rendered":"<p>Explorer les reliefs st\u00e9phanois, traverser des lieux embl\u00e9matiques ou insolites et (re) d\u00e9couvrir la ville sous un angle nouveau\u00a0: telle est la promesse de cette nouvelle \u00e9dition du Saint\u00e9 Trail Urbain.<\/p>\n<p>Cette ann\u00e9e, l&rsquo;Office du Mouvement sportif st\u00e9phanois (OMSS), organisateur de l\u2019\u00e9v\u00e9nement, fait \u00e9voluer le format en l\u2019\u00e9talant sur deux jours.<\/p>\n<p>  Quatre parcours anim\u00e9s et festifs<\/p>\n<p>La journ\u00e9e de dimanche sera consacr\u00e9e aux adeptes de course \u00e0 pied et de marche nordique, qui pouvaient choisir entre quatre parcours (inscriptions closes)\u00a0: 12, 20, 30 et 42 kilom\u00e8tres, nouveaut\u00e9 de cette \u00e9dition et clin d\u2019\u0153il au d\u00e9partement de la Loire.<\/p>\n<p>Les participants traverseront entre 13 et 35 lieux embl\u00e9matiques de la ville selon le parcours choisi\u00a0: l\u2019int\u00e9rieur du stade Geoffroy-Guichard, la Cit\u00e9 du design, le Puits Couriot, le mus\u00e9e d\u2019Art et d\u2019Industrie, le parc de l\u2019Europe\u2026 En optant pour le trajet le plus long, baptis\u00e9 \u00ab\u00a0la VERTigineuse\u00a0\u00bb, les coureurs les plus aguerris comprendront vite pourquoi Saint-\u00c9tienne est surnomm\u00e9e \u00ab\u00a0la ville aux sept collines\u00a0\u00bb.<\/p>\n<p>  Marche guid\u00e9e ou gourmande, dimanche<\/p>\n<p>Pour ceux qui pr\u00e9f\u00e8rent un Saint\u00e9 Trail Urbain plus doux, les organisateurs ont pr\u00e9vu deux marches dimanche, au d\u00e9part de la salle omnisports (Plaine Achille). La premi\u00e8re, de 6\u00a0km, sera guid\u00e9e et m\u00e8nera les participants \u00e0 la d\u00e9couverte du patrimoine st\u00e9phanois (d\u00e9parts toutes les 30 minutes, de 8\u00a0h\u00a030 \u00e0 10\u00a0h). La seconde, longue de 13\u00a0km, proposera un ravitaillement gourmand organis\u00e9 par la Boule du Cros aux alentours du huiti\u00e8me kilom\u00e8tre.<\/p>\n<p>  Course des Matrus et Halloween run, samedi<\/p>\n<p>Les enfants et les ados de 4 \u00e0 15 ans auront eux aussi droit \u00e0 leur Saint\u00e9 Trail Urbain\u00a0! La \u00ab\u00a0course des Matrus\u00a0\u00bb, qui s\u2019\u00e9lancera samedi \u00e0 16 heures depuis le parc Fran\u00e7ois-Mitterrand, proposera deux distances au choix\u00a0: 300 m\u00e8tres pour les plus jeunes et 1\u00a0200 m\u00e8tres pour les plus grands. Des d\u00e9fis et des surprises jalonneront chaque parcours, tandis que des animations sportives seront \u00e9galement propos\u00e9es en parall\u00e8le \u00e0 la salle omnisports.<\/p>\n<p>Le soir, \u00e0 18 heures, place \u00e0 la nouveaut\u00e9 de cette 13e \u00e9dition\u00a0: une course semi-nocturne dans l\u2019ambiance d\u2019Halloween (fin des inscriptions en ligne le 1er novembre \u00e0 12 heures)\u00a0! Les organisateurs ont pr\u00e9vu de nombreux d\u00e9cors et surprises \u00ab\u00a0macabres\u00a0\u00bb le long d\u2019une boucle de 5\u00a0km au d\u00e9part du Z\u00e9nith, avec soupe offerte \u00e0 l\u2019arriv\u00e9e.<\/p>\n<p class=\"note\">Samedi 1\u1d49\u02b3 d\u00e8s 16\u00a0h et dimanche 2\u00a0novembre d\u00e8s 8\u00a0h\u00a030. Z\u00e9nith, salle omnisports et Parc Fran\u00e7ois-Mitterrand. Renseignements, tarifs et inscriptions\u00a0sur le site\u00a0: www.saintetrailurbain.fr<\/p>\n","protected":false},"excerpt":{"rendered":"Explorer les reliefs st\u00e9phanois, traverser des lieux embl\u00e9matiques ou insolites et (re) d\u00e9couvrir la ville sous un angle&hellip;\n","protected":false},"author":2,"featured_media":499990,"comment_status":"","ping_status":"","sticky":false,"template":"","format":"standard","meta":{"footnotes":""},"categories":[9653],"tags":[1111,11,2430,1687,7539,1777,674,1011,27,3367,12,25,4001,7538,62230,6187],"class_list":{"0":"post-499989","1":"post","2":"type-post","3":"status-publish","4":"format-standard","5":"has-post-thumbnail","7":"category-saint-etienne","8":"tag-actu","9":"tag-actualites","10":"tag-auvergne-rhone-alpes","11":"tag-culture-loisirs","12":"tag-edition-loire-sud","13":"tag-eu","14":"tag-europe","15":"tag-fr","16":"tag-france","17":"tag-loire","18":"tag-news","19":"tag-republique-francaise","20":"tag-saint-etienne","21":"tag-saint-etienne-ville","22":"tag-sainte-trail-urbain","23":"tag-trail"},"share_on_mastodon":{"url":"https:\/\/pubeurope.com\/@fr\/115463254634944629","error":""},"_links":{"self":[{"href":"https:\/\/www.europesays.com\/fr\/wp-json\/wp\/v2\/posts\/499989","targetHints":{"allow":["GET"]}}],"collection":[{"href":"https:\/\/www.europesays.com\/fr\/wp-json\/wp\/v2\/posts"}],"about":[{"href":"https:\/\/www.europesays.com\/fr\/wp-json\/wp\/v2\/types\/post"}],"author":[{"embeddable":true,"href":"https:\/\/www.europesays.com\/fr\/wp-json\/wp\/v2\/users\/2"}],"replies":[{"embeddable":true,"href":"https:\/\/www.europesays.com\/fr\/wp-json\/wp\/v2\/comments?post=499989"}],"version-history":[{"count":0,"href":"https:\/\/www.europesays.com\/fr\/wp-json\/wp\/v2\/posts\/499989\/revisions"}],"wp:featuredmedia":[{"embeddable":true,"href":"https:\/\/www.europesays.com\/fr\/wp-json\/wp\/v2\/media\/499990"}],"wp:attachment":[{"href":"https:\/\/www.europesays.com\/fr\/wp-json\/wp\/v2\/media?parent=499989"}],"wp:term":[{"taxonomy":"category","embeddable":true,"href":"https:\/\/www.europesays.com\/fr\/wp-json\/wp\/v2\/categories?post=499989"},{"taxonomy":"post_tag","embeddable":true,"href":"https:\/\/www.europesays.com\/fr\/wp-json\/wp\/v2\/tags?post=499989"}],"curies":[{"name":"wp","href":"https:\/\/api.w.org\/{rel}","templated":true}]}}