{"id":50000,"date":"2025-04-24T20:11:07","date_gmt":"2025-04-24T20:11:07","guid":{"rendered":"https:\/\/www.europesays.com\/fr\/50000\/"},"modified":"2025-04-24T20:11:07","modified_gmt":"2025-04-24T20:11:07","slug":"une-operation-ecole-morte-pres-de-rouen-pour-denoncer-lextreme-lenteur-de-la-mdph","status":"publish","type":"post","link":"https:\/\/www.europesays.com\/fr\/50000\/","title":{"rendered":"Une op\u00e9ration \u00ab \u00e9cole morte \u00bb pr\u00e8s de Rouen, pour d\u00e9noncer \u00ab l&rsquo;extr\u00eame lenteur de la MDPH \u00bb"},"content":{"rendered":"<p>            Par<br \/>\n        <strong><br \/>\n            <a href=\"https:\/\/actu.fr\/auteur\/jessie-leclerc\" title=\"Consulter tous les articles de Jessie Leclerc\" rel=\"nofollow noopener\" target=\"_blank\">Jessie Leclerc<\/a><br \/>\n        <\/strong><\/p>\n<p>        Publi\u00e9 le<\/p>\n<p>            24 avr. 2025 \u00e0 20h18        <\/p>\n<p>Le 25 avril 2025, l\u2019association des parents d\u2019\u00e9l\u00e8ves de <a href=\"https:\/\/actu.fr\/normandie\/saint-pierre-de-varengeville_76636\" rel=\"nofollow noopener\" target=\"_blank\">Saint-Pierre-de-Varengeville (Seine-Maritime)<\/a> appelle \u00e0 <strong>une journ\u00e9e \u00ab\u2009\u00e9cole morte\u2009\u00bb<\/strong> pour d\u00e9noncer les dysfonctionnements de la Maison D\u00e9partementale des Personnes Handicap\u00e9es de Seine-Maritime (MDPH 76). C\u2019est une mobilisation en soutien aux enfants en situation de handicap, \u00e0 leurs familles, mais aussi \u00e0 leurs enseignants, aujourd\u2019hui \u00ab\u00a0\u00e9puis\u00e9s\u00a0\u00bb.<\/p>\n<p>Une scolarit\u00e9 frein\u00e9e par des d\u00e9lais inacceptables<\/p>\n<p class=\" wall-content\">En Seine-Maritime, <strong>26\u2009000 dossiers sont en attente \u00e0 la MDPH<\/strong>, faisant du d\u00e9partement <a href=\"https:\/\/actu.fr\/societe\/delai-d-attente-precarite-et-crise-de-nerf-cette-administration-de-la-seine-maritime-est-la-pire-de-france_61795224.html\" rel=\"nofollow noopener\" target=\"_blank\">l\u2019une des plus en retard de France<\/a>, juste devant Mayotte. Derri\u00e8re ces chiffres, ce sont des enfants sans accompagnement adapt\u00e9, des enseignants seuls face \u00e0 des situations complexes et des familles face \u00e0 un parcours du combattant. C\u2019est ce que d\u00e9nonce <strong>l\u2019association des parents d\u2019\u00e9l\u00e8ve de Saint-Pierre-de-Varengeville<\/strong>.<\/p>\n<p class=\" wall-content\">La constitution d\u2019un dossier MDPH est d\u00e9j\u00e0 <strong>un processus fastidieux<\/strong>. \u00ab\u2009La MDPH demande toutes les pi\u00e8ces justificatives, tous les comptes rendus m\u00e9dicaux\u2026 C\u2019est une op\u00e9ration de plusieurs mois. Et ensuite, l\u2019attente commence\u2009\u00bb, alerte la FCPE locale. Depuis un bug informatique, la situation s\u2019est encore d\u00e9grad\u00e9e. Parents, enseignants et personnels municipaux vivent cette attente comme un abandon.<\/p>\n<p class=\" wall-content\">Pauline a fait une demande aupr\u00e8s <a href=\"https:\/\/actu.fr\/normandie\/lanquetot_76382\/seine-maritime-handicapee-elle-ne-peut-plus-se-garer-sur-les-places-reservees_61434825.html\" rel=\"nofollow noopener\" target=\"_blank\">de la MDPH<\/a>, il y a pr\u00e8s d\u2019un an, en mai 2024, pour que son fils de 9 ans, en CE2 \u00e0 Saint-Pierre-de-Varengeville, avec des troubles d\u2019apprentissage, puisse b\u00e9n\u00e9ficier d\u2019une tablette avec des logiciels adapt\u00e9s\u2009: \u00ab\u2009Aujourd\u2019hui, <strong>presque un an plus tard, le dossier n\u2019est m\u00eame pas ouvert<\/strong>. J\u2019ai d\u00fb acheter la tablette et les logiciels moi-m\u00eame, un peu moins de 500\u00a0euros pour la tablette et 30 par an pour les logiciels. Mais je paye aussi <a href=\"https:\/\/actu.fr\/normandie\/bois-guillaume_76108\/pres-de-rouen-ces-jeunes-polyhandicapes-communiquent-grace-a-leurs-yeux_60134957.html\" rel=\"nofollow noopener\" target=\"_blank\">un ergoth\u00e9rapeute<\/a> 200 euros par mois pour apprendre \u00e0 mon fils \u00e0 utiliser ces applications. On n\u2019a aucun remboursement, aucun soutien.\u2009\u00bb<\/p>\n<p class=\" wall-content\">Elle d\u00e9nonce aussi <strong>la complexit\u00e9 des d\u00e9marches<\/strong>. \u00ab\u2009On nous demande tout un tas de tests qui n\u2019ont ni queue ni t\u00eate et qui ne sont pas tous rembours\u00e9s, comme un test de QI. Ils font tout pour retarder les dossiers\u2009\u00bb, ajoute la m\u00e8re de famille.<\/p>\n<p>Un manque de personnel<\/p>\n<p class=\" wall-content\">L\u2019association signale aussi <strong>la pr\u00e9carit\u00e9 des accompagnants<\/strong>, souvent sans formation, sans statut stable. \u00ab\u2009Ils ne sont pas fonctionnaires, au SMIC, d\u00e9plac\u00e9s d\u2019un \u00e9tablissement \u00e0 un autre\u2026 Mais ils ne travaillent pas mal, au contraire, ils donnent tout\u2009\u00bb, tient-elle \u00e0 pr\u00e9ciser.<\/p>\n<p class=\" wall-content\">Du c\u00f4t\u00e9 des enseignants aussi, la situation est tendue \u00e0 l\u2019\u00e9cole. \u00ab\u2009Faute de rempla\u00e7ants, lorsqu\u2019un professeur est en arr\u00eat, les classes montent \u00e0 38 \u00e9l\u00e8ves. Il est m\u00eame arriv\u00e9 que des agents de cantine s\u2019occupent des enfants en l\u2019absence de ma\u00eetresse\u2009\u00bb, s\u2019indigne l\u2019association. Pour elle, \u00ab\u2009il faut agir\u2009\u00bb\u2009: \u00ab\u2009Alors que l\u2019inclusivit\u00e9 est \u00e9rig\u00e9e en totem dans les \u00e9coles aujourd\u2019hui, on n\u2019a pas de moyens pour y parvenir.\u2009\u00bb<\/p>\n<blockquote class=\"ac-article-quote wall-content\">\n<p>Les ma\u00eetresses sont \u00e0 bout et les laisser dans cette souffrance, c\u2019est de la non-assistance \u00e0 personne en danger. L\u00e0, on tire la sonnette d&rsquo;alarme pour ces enseignants, les enfants de l&rsquo;\u00e9cole et pour les 26 000 autres.<\/p>\n<p>    <strong>Association des parents d&rsquo;\u00e9l\u00e8ves de Saint-Pierre-de-Varengeville<\/strong>\n            <\/p><\/blockquote>\n<p class=\" wall-content\">Et pour les \u00e9l\u00e8ves\u2009? \u00ab\u2009Ce n\u2019est pas normal qu\u2019\u00e0 cet \u00e2ge-l\u00e0 les enfants ne veulent plus aller <a href=\"https:\/\/actu.fr\/normandie\/rouen_76540\/atteindre-50-000-etudiants-a-rouen-deux-nouvelles-ecoles-ouvrent-sur-les-quais_60804967.html\" rel=\"nofollow noopener\" target=\"_blank\">\u00e0 l\u2019\u00e9cole<\/a>, c\u2019est qu\u2019il y a un probl\u00e8me\u2009\u00bb, s\u2019inqui\u00e8te un autre parent d\u2019\u00e9l\u00e8ve. Pour lui, \u00ab\u2009la ministre [\u00c9lisabeth Borne] dit que les \u00e9l\u00e8ves doivent penser \u00e0 leur m\u00e9tier futur d\u00e8s la maternelle, mais si d\u00e9j\u00e0 on leur donnait <strong>la possibilit\u00e9 d\u2019apprendre \u00e0 apprendre<\/strong>, puisque l\u00e0 c\u2019est ce qu\u2019ils font, <strong>dans un environnement sain<\/strong> et en s\u2019amusant, \u00e7a serait bien\u2009\u00bb.<\/p>\n<p>Op\u00e9ration \u00ab\u2009\u00e9cole morte\u2009\u00bb<\/p>\n<p class=\" wall-content\">Le 25\u00a0avril, les parents, rejoints par les \u00e9lus municipaux, la FCPE 76 et des d\u00e9put\u00e9s se r\u00e9uniront donc d\u00e8s 7h30 devant <a href=\"https:\/\/actu.fr\/societe\/projet-de-carte-scolaire-en-seine-maritime-voici-les-ecoles-qui-vont-fermer_62375709.html\" rel=\"nofollow noopener\" target=\"_blank\">l\u2019\u00e9cole maternelle<\/a> Jacques Pr\u00e9vert pour faire entendre leurs voix. \u00ab\u2009On n\u2019interdit pas aux enfants d\u2019aller \u00e0 l\u2019\u00e9cole, mais<strong> on les invite \u00e0 ne pas y aller<\/strong>\u2009\u00bb, explique l\u2019association des parents d\u2019\u00e9l\u00e8ves.<\/p>\n<p class=\" wall-content\">Ils ont trois grandes revendications\u2009:<\/p>\n<ul class=\" wall-content\">\n<li>Une acc\u00e9l\u00e9ration du traitement des dossiers MDPH\u2009;<\/li>\n<li>Des moyens humains et financiers \u00e0 la hauteur des besoins pour accompagner nos<br \/>enseignants et agents municipaux\u2009;<\/li>\n<li>Une r\u00e9elle prise en compte des droits des enfants en situation de handicap, et les moyens qui vont avec.<\/li>\n<\/ul>\n<p class=\" wall-content\">L\u2019association ne souhaite pas s\u2019acharner sur la MDPH\u2009: \u00ab\u2009On sait que tout ne d\u00e9pend pas d\u2019elle. L\u2019\u00c9tat, le D\u00e9partement, les rectorats ont tous une part dans ce d\u00e9sordre\u2009\u00bb. Mais pour elle, <strong>\u00ab\u2009il faut agir maintenant\u2009\u00bb<\/strong>.<\/p>\n<p>Suivez l\u2019actualit\u00e9 de Rouen <a href=\"https:\/\/www.whatsapp.com\/channel\/0029VaFqJYE8aKvLBwVrEe0o\" rel=\"nofollow noopener\" target=\"_blank\">sur notre cha\u00eene WhatsApp<\/a> et <a href=\"https:\/\/www.tiktok.com\/@76actu.fr?lang=fr\" rel=\"nofollow noopener\" target=\"_blank\">sur notre compte TikTok<\/a><\/p>\n<p class=\" wall-content\">Suivez toute l\u2019actualit\u00e9 de vos villes et m\u00e9dias favoris en vous inscrivant \u00e0 <a href=\"https:\/\/moncompte.actu.fr\" title=\"D\u00e9couvez Mon Actu\" rel=\"nofollow noopener\" data-trk=\"{&quot;cta&quot;:{&quot;action&quot;:&quot;https:\\\/\\\/moncompte.actu.fr&quot;,&quot;category&quot;:&quot;mon compte&quot;,&quot;from&quot;:&quot;article footer&quot;,&quot;name&quot;:&quot;Mon actu&quot;,&quot;type&quot;:&quot;cta&quot;}}\" target=\"_blank\">Mon Actu<\/a>.<\/p>\n<p>                    <script async src=\"\/\/www.tiktok.com\/embed.js\"><\/script><\/p>\n","protected":false},"excerpt":{"rendered":"Par Jessie Leclerc Publi\u00e9 le 24 avr. 2025 \u00e0 20h18 Le 25 avril 2025, l\u2019association des parents d\u2019\u00e9l\u00e8ves&hellip;\n","protected":false},"author":2,"featured_media":50001,"comment_status":"","ping_status":"","sticky":false,"template":"","format":"standard","meta":{"footnotes":""},"categories":[9587],"tags":[1111,11,1057,1777,674,1011,27,1943,1272,12,5161,25,9590,104],"class_list":{"0":"post-50000","1":"post","2":"type-post","3":"status-publish","4":"format-standard","5":"has-post-thumbnail","7":"category-rouen","8":"tag-actu","9":"tag-actualites","10":"tag-education","11":"tag-eu","12":"tag-europe","13":"tag-fr","14":"tag-france","15":"tag-handicap","16":"tag-manifestations","17":"tag-news","18":"tag-normandie","19":"tag-republique-francaise","20":"tag-rouen","21":"tag-societe"},"share_on_mastodon":{"url":"https:\/\/pubeurope.com\/@fr\/114394764679904592","error":""},"_links":{"self":[{"href":"https:\/\/www.europesays.com\/fr\/wp-json\/wp\/v2\/posts\/50000","targetHints":{"allow":["GET"]}}],"collection":[{"href":"https:\/\/www.europesays.com\/fr\/wp-json\/wp\/v2\/posts"}],"about":[{"href":"https:\/\/www.europesays.com\/fr\/wp-json\/wp\/v2\/types\/post"}],"author":[{"embeddable":true,"href":"https:\/\/www.europesays.com\/fr\/wp-json\/wp\/v2\/users\/2"}],"replies":[{"embeddable":true,"href":"https:\/\/www.europesays.com\/fr\/wp-json\/wp\/v2\/comments?post=50000"}],"version-history":[{"count":0,"href":"https:\/\/www.europesays.com\/fr\/wp-json\/wp\/v2\/posts\/50000\/revisions"}],"wp:featuredmedia":[{"embeddable":true,"href":"https:\/\/www.europesays.com\/fr\/wp-json\/wp\/v2\/media\/50001"}],"wp:attachment":[{"href":"https:\/\/www.europesays.com\/fr\/wp-json\/wp\/v2\/media?parent=50000"}],"wp:term":[{"taxonomy":"category","embeddable":true,"href":"https:\/\/www.europesays.com\/fr\/wp-json\/wp\/v2\/categories?post=50000"},{"taxonomy":"post_tag","embeddable":true,"href":"https:\/\/www.europesays.com\/fr\/wp-json\/wp\/v2\/tags?post=50000"}],"curies":[{"name":"wp","href":"https:\/\/api.w.org\/{rel}","templated":true}]}}