{"id":500002,"date":"2025-10-30T13:09:12","date_gmt":"2025-10-30T13:09:12","guid":{"rendered":"https:\/\/www.europesays.com\/fr\/500002\/"},"modified":"2025-10-30T13:09:12","modified_gmt":"2025-10-30T13:09:12","slug":"la-bri-interpelle-quatre-personnes","status":"publish","type":"post","link":"https:\/\/www.europesays.com\/fr\/500002\/","title":{"rendered":"la BRI interpelle quatre personnes"},"content":{"rendered":"<p>            Par<br \/>\n        <strong><br \/>\n            <a href=\"https:\/\/actu.fr\/auteur\/julien-bouteiller\" title=\"Consulter tous les articles de Julien Bouteiller\" target=\"_blank\" rel=\"noopener\">Julien Bouteiller<\/a><br \/>\n        <\/strong><\/p>\n<p>        Publi\u00e9 le<\/p>\n<p>            30 oct. 2025 \u00e0 11h55        <\/p>\n<p><strong>Info\u00a076actu.\u00a0<\/strong>Quatre personnes ont \u00e9t\u00e9 interpell\u00e9es mercredi 29 octobre 2025, dans le cadre de l\u2019enqu\u00eate <a href=\"https:\/\/actu.fr\/normandie\/grand-couronne_76319\/ce-n-est-pas-pret-de-rouvrir-la-mairie-de-grand-couronne-ravagee-par-un-incendie_63167521.html\" target=\"_blank\" rel=\"noopener\">sur l\u2019incendie de la mairie de Grand-Couronne<\/a>, pr\u00e8s de Rouen, indique le parquet, confirmant nos informations.<\/p>\n<p>Incendie de la mairie : quatre interpellations \u00e0 Grand-Couronne<\/p>\n<p class=\" wall-content\">T\u00f4t dans la matin\u00e9e mercredi matin, ce sont <strong>des policiers de la BRI<\/strong> (brigade de recherche et d\u2019intervention) qui sont venus cueillir les quatre suspects, <strong>dans le quartier des Boutti\u00e8res<\/strong> \u00e0 Grand-Couronne.<\/p>\n<p class=\" wall-content\">Les services du procureur confirment que ces interpellations ont un lien avec l\u2019incendie de la mairie de la commune.\u00a0<\/p>\n<p class=\" wall-content\">Il y a un mois, un feu avait ravag\u00e9 le hall du b\u00e2timent, endommageant grandement les lieux et n\u00e9cessitant de r\u00e9organiser les services. \u00ab\u00a0Cet acte inadmissible a touch\u00e9 un symbole de notre R\u00e9publique\u00a0\u00bb, avait alors r\u00e9agi la maire Julie Lesage.<\/p>\n<p class=\" wall-content\">\u00c0 ce stade, on ignore quelle est l\u2019implication pr\u00e9sum\u00e9e des personnes interpell\u00e9es ce mercredi. Le parquet ne peut pour l\u2019heure pas communiquer davantage, tant que les auditions sont en cours.<\/p>\n<p>Vid\u00e9os : en ce moment sur Actu<\/p>\n<p class=\" wall-content\"><strong>\u2022 Plus d\u2019informations \u00e0 venir sur 76actu.<\/strong><\/p>\n<p>Suivez l\u2019actualit\u00e9 de Rouen <a href=\"https:\/\/www.whatsapp.com\/channel\/0029VaKfnf99hXF2ddApFB1D\" target=\"_blank\" rel=\"noopener\">sur notre cha\u00eene WhatsApp<\/a> et <a href=\"https:\/\/www.tiktok.com\/@76actu.fr?lang=fr\" target=\"_blank\" rel=\"noopener\">sur notre compte TikTok<\/a><\/p>\n<p class=\" wall-content\">Personnalisez votre actualit\u00e9 en ajoutant vos villes et m\u00e9dias en favori avec <a href=\"https:\/\/moncompte.actu.fr\" title=\"D\u00e9couvez Mon Actu\" rel=\"nofollow noopener\" data-trk=\"{&quot;cta&quot;:{&quot;action&quot;:&quot;https:\\\/\\\/moncompte.actu.fr&quot;,&quot;category&quot;:&quot;mon compte&quot;,&quot;from&quot;:&quot;article footer&quot;,&quot;name&quot;:&quot;Mon actu&quot;,&quot;type&quot;:&quot;cta&quot;}}\" target=\"_blank\">Mon Actu<\/a>.<\/p>\n<p>                    <script async src=\"\/\/www.tiktok.com\/embed.js\"><\/script><\/p>\n","protected":false},"excerpt":{"rendered":"Par Julien Bouteiller Publi\u00e9 le 30 oct. 2025 \u00e0 11h55 Info\u00a076actu.\u00a0Quatre personnes ont \u00e9t\u00e9 interpell\u00e9es mercredi 29 octobre&hellip;\n","protected":false},"author":2,"featured_media":500003,"comment_status":"","ping_status":"","sticky":false,"template":"","format":"standard","meta":{"footnotes":""},"categories":[9587],"tags":[1111,11,1777,674,118,1011,27,1310,12,5161,1072,25,9590,9547],"class_list":{"0":"post-500002","1":"post","2":"type-post","3":"status-publish","4":"format-standard","5":"has-post-thumbnail","7":"category-rouen","8":"tag-actu","9":"tag-actualites","10":"tag-eu","11":"tag-europe","12":"tag-faits-divers","13":"tag-fr","14":"tag-france","15":"tag-incendie","16":"tag-news","17":"tag-normandie","18":"tag-police","19":"tag-republique-francaise","20":"tag-rouen","21":"tag-violences-contre-les-elus"},"share_on_mastodon":{"url":"https:\/\/pubeurope.com\/@fr\/115463281996744843","error":""},"_links":{"self":[{"href":"https:\/\/www.europesays.com\/fr\/wp-json\/wp\/v2\/posts\/500002","targetHints":{"allow":["GET"]}}],"collection":[{"href":"https:\/\/www.europesays.com\/fr\/wp-json\/wp\/v2\/posts"}],"about":[{"href":"https:\/\/www.europesays.com\/fr\/wp-json\/wp\/v2\/types\/post"}],"author":[{"embeddable":true,"href":"https:\/\/www.europesays.com\/fr\/wp-json\/wp\/v2\/users\/2"}],"replies":[{"embeddable":true,"href":"https:\/\/www.europesays.com\/fr\/wp-json\/wp\/v2\/comments?post=500002"}],"version-history":[{"count":0,"href":"https:\/\/www.europesays.com\/fr\/wp-json\/wp\/v2\/posts\/500002\/revisions"}],"wp:featuredmedia":[{"embeddable":true,"href":"https:\/\/www.europesays.com\/fr\/wp-json\/wp\/v2\/media\/500003"}],"wp:attachment":[{"href":"https:\/\/www.europesays.com\/fr\/wp-json\/wp\/v2\/media?parent=500002"}],"wp:term":[{"taxonomy":"category","embeddable":true,"href":"https:\/\/www.europesays.com\/fr\/wp-json\/wp\/v2\/categories?post=500002"},{"taxonomy":"post_tag","embeddable":true,"href":"https:\/\/www.europesays.com\/fr\/wp-json\/wp\/v2\/tags?post=500002"}],"curies":[{"name":"wp","href":"https:\/\/api.w.org\/{rel}","templated":true}]}}