{"id":500004,"date":"2025-10-30T13:10:13","date_gmt":"2025-10-30T13:10:13","guid":{"rendered":"https:\/\/www.europesays.com\/fr\/500004\/"},"modified":"2025-10-30T13:10:13","modified_gmt":"2025-10-30T13:10:13","slug":"le-match-des-diables-rouges-face-a-rouen-reporte","status":"publish","type":"post","link":"https:\/\/www.europesays.com\/fr\/500004\/","title":{"rendered":"Le match des Diables Rouges face \u00e0 Rouen report\u00e9"},"content":{"rendered":"<p itemprop=\"description\"><strong>Alors qu\u2019il devait se tenir ce vendredi, il aura finalement lieu le 25 janvier, pour le compte de la 14\u00e8me journ\u00e9e de Ligue Magnus<\/strong><\/p>\n<p style=\"text-align: justify;\">Le match des Diables Rouges face \u00e0 Rouen report\u00e9. Il devait se tenir ce vendredi, \u00e0 domicile, pour le compte de la 14\u00e8me journ\u00e9e de Ligue Magnus. Il se tiendra le 25 janvier prochain indiquent le staff des Diables Rouges de Brian\u00e7on qui pr\u00e9cise que les personnes ayant d\u00e9j\u00e0 r\u00e9serv\u00e9 leurs billets seront rembours\u00e9es dans les prochains jours.\u00a0<\/p>\n<p style=\"text-align: right;\"><strong>LR<\/strong><\/p>\n","protected":false},"excerpt":{"rendered":"Alors qu\u2019il devait se tenir ce vendredi, il aura finalement lieu le 25 janvier, pour le compte de&hellip;\n","protected":false},"author":2,"featured_media":500005,"comment_status":"","ping_status":"","sticky":false,"template":"","format":"standard","meta":{"footnotes":""},"categories":[9587],"tags":[1111,11,7733,8279,7736,650,7734,2889,2263,1777,674,1011,27,1085,8280,6417,1114,4662,12,5161,3725,1825,25,9590,7053,7737],"class_list":{"0":"post-500004","1":"post","2":"type-post","3":"status-publish","4":"format-standard","5":"has-post-thumbnail","7":"category-rouen","8":"tag-actu","9":"tag-actualites","10":"tag-alpes","11":"tag-alpes1","12":"tag-cds","13":"tag-cinema","14":"tag-ecoute","15":"tag-emission","16":"tag-equipe","17":"tag-eu","18":"tag-europe","19":"tag-fr","20":"tag-france","21":"tag-gap","22":"tag-haute","23":"tag-information","24":"tag-infos","25":"tag-journal","26":"tag-news","27":"tag-normandie","28":"tag-podcast","29":"tag-radio","30":"tag-republique-francaise","31":"tag-rouen","32":"tag-sud","33":"tag-winamp"},"share_on_mastodon":{"url":"https:\/\/pubeurope.com\/@fr\/115463286149797541","error":""},"_links":{"self":[{"href":"https:\/\/www.europesays.com\/fr\/wp-json\/wp\/v2\/posts\/500004","targetHints":{"allow":["GET"]}}],"collection":[{"href":"https:\/\/www.europesays.com\/fr\/wp-json\/wp\/v2\/posts"}],"about":[{"href":"https:\/\/www.europesays.com\/fr\/wp-json\/wp\/v2\/types\/post"}],"author":[{"embeddable":true,"href":"https:\/\/www.europesays.com\/fr\/wp-json\/wp\/v2\/users\/2"}],"replies":[{"embeddable":true,"href":"https:\/\/www.europesays.com\/fr\/wp-json\/wp\/v2\/comments?post=500004"}],"version-history":[{"count":0,"href":"https:\/\/www.europesays.com\/fr\/wp-json\/wp\/v2\/posts\/500004\/revisions"}],"wp:featuredmedia":[{"embeddable":true,"href":"https:\/\/www.europesays.com\/fr\/wp-json\/wp\/v2\/media\/500005"}],"wp:attachment":[{"href":"https:\/\/www.europesays.com\/fr\/wp-json\/wp\/v2\/media?parent=500004"}],"wp:term":[{"taxonomy":"category","embeddable":true,"href":"https:\/\/www.europesays.com\/fr\/wp-json\/wp\/v2\/categories?post=500004"},{"taxonomy":"post_tag","embeddable":true,"href":"https:\/\/www.europesays.com\/fr\/wp-json\/wp\/v2\/tags?post=500004"}],"curies":[{"name":"wp","href":"https:\/\/api.w.org\/{rel}","templated":true}]}}