{"id":500006,"date":"2025-10-30T13:11:20","date_gmt":"2025-10-30T13:11:20","guid":{"rendered":"https:\/\/www.europesays.com\/fr\/500006\/"},"modified":"2025-10-30T13:11:20","modified_gmt":"2025-10-30T13:11:20","slug":"grenoble-des-nouveaux-restaurants-exclusifs-ouvrent-prochainement-a-neyrpic","status":"publish","type":"post","link":"https:\/\/www.europesays.com\/fr\/500006\/","title":{"rendered":"Grenoble. Des nouveaux restaurants exclusifs ouvrent prochainement \u00e0 Neyrpic"},"content":{"rendered":"<p>            Par<br \/>\n        <strong><br \/>\n            <a href=\"https:\/\/actu.fr\/auteur\/lisa-rodrigues\" title=\"Consulter tous les articles de Lisa Rodrigues\" target=\"_blank\" rel=\"noopener\">Lisa Rodrigues<\/a><br \/>\n        <\/strong><\/p>\n<p>        Publi\u00e9 le<\/p>\n<p>            30 oct. 2025 \u00e0 11h59        <\/p>\n<p>Le centre commercial <strong>Neyrpic<\/strong> vient tout juste de f\u00eater son <a href=\"https:\/\/actu.fr\/auvergne-rhone-alpes\/saint-martin-d-heres_38421\/grenoble-neyrpic-celebre-en-grande-pompe-son-premier-anniversaire-voici-ce-qui-est-prevu_63329816.html\" target=\"_blank\" rel=\"noopener\">premier anniversaire en grande pompe<\/a>. Il compte aujourd\u2019hui pr\u00e8s de 80 boutiques et pas loin d\u2019une trentaine de caf\u00e9s et restaurants.<br \/>Lors d\u2019une <a href=\"https:\/\/actu.fr\/auvergne-rhone-alpes\/saint-martin-d-heres_38421\/grenoble-un-an-apres-son-ouverture-neyrpic-cartonne-et-annonce-des-nouveautes_63334138.html\" target=\"_blank\" rel=\"noopener\">interview exclusive<\/a> accord\u00e9e \u00e0 la r\u00e9daction, le directeur de Neyrpic, Lionel Schneider, a confirm\u00e9 l\u2019arriv\u00e9e prochaine de nouvelles enseignes. Dans le d\u00e9tail, ce sont <strong>trois nouveaux restaurants<\/strong> qui vont ouvrir au premier \u00e9tage du centre pr\u00e8s de <a href=\"https:\/\/actu.fr\/auvergne-rhone-alpes\/grenoble_38185\" target=\"_blank\" rel=\"noopener\">Grenoble<\/a> dans les prochaines semaines.<\/p>\n<p>Deux ouvertures en novembre<\/p>\n<p class=\" wall-content\">Deux d\u2019entre eux vont ouvrir en 2025. Il s\u2019agit de <strong>P\u00e8re &amp; Fish<\/strong> et de <strong>Tedgie\u2019s<\/strong>.<\/p>\n<p class=\" wall-content\">La premi\u00e8re enseigne, qui doit ouvrir courant novembre sur 107 m\u00b2, est une cha\u00eene de streetfood <a href=\"https:\/\/actu.fr\/auvergne-rhone-alpes\/lyon_69123\/lyon-ce-restaurant-avec-une-offre-speciale-ouvre-apres-un-enorme-succes-a-paris_62431278.html\" target=\"_blank\" rel=\"noopener\">sp\u00e9cialis\u00e9e dans les burgers de poisson<\/a>. Une \u00e9quipe de 13 collaborateurs et un assistant manager ont \u00e9t\u00e9 embauch\u00e9s pour l\u2019occasion. P\u00e8re &amp; Fish est, pour le moment, uniquement pr\u00e9sent \u00e0 Paris, Lyon et pr\u00e8s de Marseille.\u00a0<\/p>\n<p>    <img   decoding=\"async\" loading=\"lazy\" src=\"https:\/\/www.europesays.com\/fr\/wp-content\/uploads\/2025\/10\/pere-and-fish-lyon-resturant-merciere-960x640.png\" alt=\"Le restaurant P\u00e8re &amp; Fish a ouvert dans le centre-ville de Lyon.\" width=\"960\" height=\"640\"\/><br \/>\n    Le restaurant P\u00e8re &amp; Fish est d\u00e9j\u00e0 pr\u00e9sent dans la r\u00e9gion Auvergne-Rh\u00f4ne-Alpes, dans le centre-ville de Lyon. (\u00a9Illustration \/ Document remis \u00e0 actu Lyon)<\/p>\n<p class=\" wall-content\">Le second, Tedgie\u2019s, va occuper 346 m\u00b2 et proposer 90 places assises en int\u00e9rieur et 26 en terrasse. Cette enseigne de restauration rapide, lanc\u00e9e par des fr\u00e8res Grenoblois, a fait du tacos l\u2019un de ses produits phares. Ce sera <strong>leur 4e adresse grenobloise<\/strong>, et la 5e dans la M\u00e9tropole.\u00a0<\/p>\n<p class=\" wall-content\"><a href=\"https:\/\/www.instagram.com\/reel\/DLVUODJtIxF\/embed\" title=\"Ouvrir le lien sur Instagram\" target=\"_blank\" rel=\"noopener\">Visualiser le contenu sur Instagram<\/a><\/p>\n<p class=\" wall-content\">Son ouverture \u00e0 <a href=\"https:\/\/actu.fr\/tag\/centre-commercial-neyrpic\" target=\"_blank\" rel=\"noopener\">Neyrpic<\/a> est pr\u00e9vue pour fin novembre. Vingt salari\u00e9s vont servir les clients.<\/p>\n<p>La gastronomie japonaise arrive en 2026<\/p>\n<p class=\" wall-content\">Il va falloir \u00eatre un peu plus patient pour le dernier restaurant, qui n\u2019ouvrira que <strong>fin janvier 2026<\/strong>. Il s\u2019agit de <strong>Matsuri<\/strong>, une cha\u00eene de restaurants de sp\u00e9cialit\u00e9s japonaises, dont les plus proches adresses sont aujourd\u2019hui \u00e0 <a href=\"https:\/\/actu.fr\/auvergne-rhone-alpes\/lyon_69123\" target=\"_blank\" rel=\"noopener\">Lyon<\/a>.\u00a0<\/p>\n<p>Votre r\u00e9gion, votre actu !<\/p>\n<p>Recevez chaque jour les infos qui comptent pour vous.<\/p>\n<p>\t<a href=\"https:\/\/actu.fr\/newsletter\" class=\"ac-btn ac-btn--corner ac-btn--medium ac-btn--blue800\" target=\"_blank\" rel=\"noopener\">S&rsquo;incrire<\/a><\/p>\n<p class=\" wall-content\"><a href=\"https:\/\/www.instagram.com\/reel\/DO24QGkDGx5\/embed\" title=\"Ouvrir le lien sur Instagram\" target=\"_blank\" rel=\"noopener\">Visualiser le contenu sur Instagram<\/a><\/p>\n<p class=\" wall-content\">Avec 78 places assises r\u00e9parties dans un restaurant de 279 m\u00b2 et 50 couverts en terrasse, la marque ouvrira donc \u00e0 Neyrpic son premier \u00e9tablissement en <a href=\"https:\/\/actu.fr\/auvergne-rhone-alpes\/isere_38\" target=\"_blank\" rel=\"noopener\">Is\u00e8re<\/a>. Une vingtaine de collaborateurs va \u00eatre recrut\u00e9e, selon nos informations.<\/p>\n<p class=\" wall-content\">Personnalisez votre actualit\u00e9 en ajoutant vos villes et m\u00e9dias en favori avec <a href=\"https:\/\/moncompte.actu.fr\" title=\"D\u00e9couvez Mon Actu\" rel=\"nofollow noopener\" data-trk=\"{&quot;cta&quot;:{&quot;action&quot;:&quot;https:\\\/\\\/moncompte.actu.fr&quot;,&quot;category&quot;:&quot;mon compte&quot;,&quot;from&quot;:&quot;article footer&quot;,&quot;name&quot;:&quot;Mon actu&quot;,&quot;type&quot;:&quot;cta&quot;}}\" target=\"_blank\">Mon Actu<\/a>.<\/p>\n<p>                    <script async src=\"\/\/www.instagram.com\/embed.js\"><\/script><\/p>\n","protected":false},"excerpt":{"rendered":"Par Lisa Rodrigues Publi\u00e9 le 30 oct. 2025 \u00e0 11h59 Le centre commercial Neyrpic vient tout juste de&hellip;\n","protected":false},"author":2,"featured_media":500007,"comment_status":"","ping_status":"","sticky":false,"template":"","format":"standard","meta":{"footnotes":""},"categories":[9566],"tags":[1111,11,2430,9577,215,33,1777,674,1011,27,2731,12,25,1340],"class_list":{"0":"post-500006","1":"post","2":"type-post","3":"status-publish","4":"format-standard","5":"has-post-thumbnail","7":"category-grenoble","8":"tag-actu","9":"tag-actualites","10":"tag-auvergne-rhone-alpes","11":"tag-centre-commercial-neyrpic","12":"tag-commerce","13":"tag-economie","14":"tag-eu","15":"tag-europe","16":"tag-fr","17":"tag-france","18":"tag-grenoble","19":"tag-news","20":"tag-republique-francaise","21":"tag-restaurant"},"share_on_mastodon":{"url":"https:\/\/pubeurope.com\/@fr\/115463290358928860","error":""},"_links":{"self":[{"href":"https:\/\/www.europesays.com\/fr\/wp-json\/wp\/v2\/posts\/500006","targetHints":{"allow":["GET"]}}],"collection":[{"href":"https:\/\/www.europesays.com\/fr\/wp-json\/wp\/v2\/posts"}],"about":[{"href":"https:\/\/www.europesays.com\/fr\/wp-json\/wp\/v2\/types\/post"}],"author":[{"embeddable":true,"href":"https:\/\/www.europesays.com\/fr\/wp-json\/wp\/v2\/users\/2"}],"replies":[{"embeddable":true,"href":"https:\/\/www.europesays.com\/fr\/wp-json\/wp\/v2\/comments?post=500006"}],"version-history":[{"count":0,"href":"https:\/\/www.europesays.com\/fr\/wp-json\/wp\/v2\/posts\/500006\/revisions"}],"wp:featuredmedia":[{"embeddable":true,"href":"https:\/\/www.europesays.com\/fr\/wp-json\/wp\/v2\/media\/500007"}],"wp:attachment":[{"href":"https:\/\/www.europesays.com\/fr\/wp-json\/wp\/v2\/media?parent=500006"}],"wp:term":[{"taxonomy":"category","embeddable":true,"href":"https:\/\/www.europesays.com\/fr\/wp-json\/wp\/v2\/categories?post=500006"},{"taxonomy":"post_tag","embeddable":true,"href":"https:\/\/www.europesays.com\/fr\/wp-json\/wp\/v2\/tags?post=500006"}],"curies":[{"name":"wp","href":"https:\/\/api.w.org\/{rel}","templated":true}]}}