{"id":500008,"date":"2025-10-30T13:12:29","date_gmt":"2025-10-30T13:12:29","guid":{"rendered":"https:\/\/www.europesays.com\/fr\/500008\/"},"modified":"2025-10-30T13:12:29","modified_gmt":"2025-10-30T13:12:29","slug":"il-frappe-un-agent-de-securite-de-grandplace-qui-lui-demandait-darreter-de-dissimuler-son-visage","status":"publish","type":"post","link":"https:\/\/www.europesays.com\/fr\/500008\/","title":{"rendered":"il frappe un agent de s\u00e9curit\u00e9 de Grand&rsquo;Place qui lui demandait d&rsquo;arr\u00eater de dissimuler son visage"},"content":{"rendered":"<p>\t\t\t\t\t\t\t\t\t\t\t<img loading=\"lazy\" decoding=\"async\" width=\"1280\" title=\"Grenoble : il frappe un agent de s\u00e9curit\u00e9 de Grand'Place qui lui demandait d'arr\u00eater de dissimuler son visage\" class=\"img-fluid  mb-3\" src=\"https:\/\/grandgrenoble.alpes1.com\/media\/news\/grenoble-il-frappe-un-agent-de-securite-de-grand-place-qui-lui-demandait-d-arreter-de-dissimuler-son-visage_690324ffaff75.webp\" alt=\"Grenoble : il frappe un agent de s\u00e9curit\u00e9 de Grand'Place qui lui demandait d'arr\u00eater de dissimuler son visage\" itemprop=\"image\" height=\"720\"\/>\t\t\t\t\t\t\t\t\t\t\t\t<\/p>\n<p>Grenoble : il frappe un agent de s\u00e9curit\u00e9 de Grand&rsquo;Place qui lui demandait d&rsquo;arr\u00eater de dissimuler son visage &#8211; DR<\/p>\n<p itemprop=\"description\"><strong>Ce mercredi en fin d&rsquo;apr\u00e8s-midi, deux agents de s\u00e9curit\u00e9 du centre commercial Grand&rsquo;Place \u00e0 Grenoble ont rep\u00e9r\u00e9 un individu suspect.<\/strong><\/p>\n<p>Ce dernier avait dissimul\u00e9 son visage.<\/p>\n<p>Les vigiles se sont alors approch\u00e9s de lui pour lui demander de retirer ce qu&rsquo;il avait mis sur son visage, provoquant la col\u00e8re du jeune homme de 22 ans. En repr\u00e9sailles, il a tent\u00e9 de se d\u00e9gager en donnant un violent coup de coude \u00e0 l&rsquo;un des agents, lui cassant ses lunettes.<\/p>\n<p>Selon le Dauphin\u00e9 Lib\u00e9r\u00e9, la police, pr\u00e9venue, a pris le relais et a interpell\u00e9 le suspect. Il devra s&rsquo;expliquer sur ses motivations lors de sa garde \u00e0 vue.<\/p>\n","protected":false},"excerpt":{"rendered":"Grenoble : il frappe un agent de s\u00e9curit\u00e9 de Grand&rsquo;Place qui lui demandait d&rsquo;arr\u00eater de dissimuler son visage&hellip;\n","protected":false},"author":2,"featured_media":500009,"comment_status":"","ping_status":"","sticky":false,"template":"","format":"standard","meta":{"footnotes":""},"categories":[9566],"tags":[1111,11,7733,8279,2430,7736,650,7734,2889,2263,1777,674,1011,27,2731,8280,6417,1114,108,4662,12,3725,1825,25,7737],"class_list":{"0":"post-500008","1":"post","2":"type-post","3":"status-publish","4":"format-standard","5":"has-post-thumbnail","7":"category-grenoble","8":"tag-actu","9":"tag-actualites","10":"tag-alpes","11":"tag-alpes1","12":"tag-auvergne-rhone-alpes","13":"tag-cds","14":"tag-cinema","15":"tag-ecoute","16":"tag-emission","17":"tag-equipe","18":"tag-eu","19":"tag-europe","20":"tag-fr","21":"tag-france","22":"tag-grenoble","23":"tag-haute","24":"tag-information","25":"tag-infos","26":"tag-isere","27":"tag-journal","28":"tag-news","29":"tag-podcast","30":"tag-radio","31":"tag-republique-francaise","32":"tag-winamp"},"share_on_mastodon":{"url":"https:\/\/pubeurope.com\/@fr\/115463294538106776","error":""},"_links":{"self":[{"href":"https:\/\/www.europesays.com\/fr\/wp-json\/wp\/v2\/posts\/500008","targetHints":{"allow":["GET"]}}],"collection":[{"href":"https:\/\/www.europesays.com\/fr\/wp-json\/wp\/v2\/posts"}],"about":[{"href":"https:\/\/www.europesays.com\/fr\/wp-json\/wp\/v2\/types\/post"}],"author":[{"embeddable":true,"href":"https:\/\/www.europesays.com\/fr\/wp-json\/wp\/v2\/users\/2"}],"replies":[{"embeddable":true,"href":"https:\/\/www.europesays.com\/fr\/wp-json\/wp\/v2\/comments?post=500008"}],"version-history":[{"count":0,"href":"https:\/\/www.europesays.com\/fr\/wp-json\/wp\/v2\/posts\/500008\/revisions"}],"wp:featuredmedia":[{"embeddable":true,"href":"https:\/\/www.europesays.com\/fr\/wp-json\/wp\/v2\/media\/500009"}],"wp:attachment":[{"href":"https:\/\/www.europesays.com\/fr\/wp-json\/wp\/v2\/media?parent=500008"}],"wp:term":[{"taxonomy":"category","embeddable":true,"href":"https:\/\/www.europesays.com\/fr\/wp-json\/wp\/v2\/categories?post=500008"},{"taxonomy":"post_tag","embeddable":true,"href":"https:\/\/www.europesays.com\/fr\/wp-json\/wp\/v2\/tags?post=500008"}],"curies":[{"name":"wp","href":"https:\/\/api.w.org\/{rel}","templated":true}]}}