{"id":500100,"date":"2025-10-30T14:09:18","date_gmt":"2025-10-30T14:09:18","guid":{"rendered":"https:\/\/www.europesays.com\/fr\/500100\/"},"modified":"2025-10-30T14:09:18","modified_gmt":"2025-10-30T14:09:18","slug":"les-secouristes-turcs-encore-retenus-par-israel-a-rafah","status":"publish","type":"post","link":"https:\/\/www.europesays.com\/fr\/500100\/","title":{"rendered":"les secouristes turcs encore retenus par Isra\u00ebl \u00e0 Rafah"},"content":{"rendered":"<p>\n    Les \u00e9quipes turques qui participent aux recherches de corps attendent toujours l\u2019autorisation d\u2019entrer par Isra\u00ebl, selon le minist\u00e8re de la D\u00e9fense d\u2019Ankara.<\/p>\n<p class=\"fig-paragraph\">L&rsquo;\u00e9quipe de secouristes turcs d\u00e9p\u00each\u00e9e par Ankara pour participer \u00e0 la recherche des corps, y compris Isra\u00e9liens, dans les ruines de Gaza attend toujours le feu vert isra\u00e9lien \u00e0\u00a0<a href=\"http:\/\/www.lefigaro.fr\/international\/gaza-israel-va-autoriser-l-entree-de-600-camions-d-aide-humanitaire-au-point-de-passage-de-rafah-20251015\" data-fig-type=\"NewsFlash\" data-gtm-custom-categorie=\"navigation\" data-gtm-custom-action=\"crossclick\" data-gtm-custom-label=\"Contextuel\" data-gtm-event=\"customEventSPE\" data-fig-domain=\"LEFIGARO\" rel=\"nofollow noopener\" target=\"_blank\">Rafah<\/a>, a indiqu\u00e9 jeudi une source au minist\u00e8re turc de la D\u00e9fense.<\/p>\n<p class=\"fig-paragraph\">\u00abLa mission de l&rsquo;Afad (l&rsquo;Agence turque de gestion des catastrophes, ndlr) attend toujours \u00e0 la fronti\u00e8re. Isra\u00ebl n&rsquo;a toujours pas d\u00e9livr\u00e9 d&rsquo;autorisation\u00bb, a ajout\u00e9 cette source estimant qu\u2019\u00abIsra\u00ebl ne respectait pas toutes les conditions du cessez-le-feu\u00bb. \u00abIsra\u00ebl n\u2019autorise que partiellement (le passage de) l\u2019aide humanitaire\u00bb, a-t-elle pr\u00e9cis\u00e9. Concernant la participation turque \u00e0 une force internationale \u00e0 Gaza, toujours suspendue \u00e0 un feu vert du gouvernement isra\u00e9lien, les forces arm\u00e9es sont \u00abpr\u00eates\u00bb, selon la m\u00eame source.<\/p>\n<p>                                    <a class=\"fig-a11y-skip a11y-hidden\" href=\"#fig-a11y-skip-main-inarticle\"><br \/>\n        Passer la publicit\u00e9<br \/>\n    <\/a><\/p>\n<p>Droit de veto<\/p>\n<p class=\"fig-paragraph\">\u00abNous sommes en contact avec nos homologues. La Turquie est l\u2019un des artisans du cessez-le-feu et a sign\u00e9 l\u2019accord. Nous avons achev\u00e9 tous les pr\u00e9paratifs n\u00e9cessaires et nous attendons\u00bb, a indiqu\u00e9 cette source.<\/p>\n<p class=\"fig-paragraph\">Le premier ministre isra\u00e9lien,\u00a0<a href=\"https:\/\/www.lefigaro.fr\/international\/benjamin-netanyahou-doit-il-accepter-le-plan-de-paix-de-trump-pour-gaza-20250929\" data-fig-type=\"Poll\" data-gtm-custom-categorie=\"navigation\" data-gtm-custom-action=\"crossclick\" data-gtm-custom-label=\"Contextuel\" data-gtm-event=\"customEventSPE\" data-fig-domain=\"LEFIGARO\" rel=\"nofollow noopener\" target=\"_blank\">Benyamin Netanyahou<\/a>, a affirm\u00e9 son droit de veto sur les membres de la force internationale qui devrait s\u00e9curiser l\u2019apr\u00e8s-guerre dans le territoire palestinien, que son alli\u00e9 am\u00e9ricain tente de mettre en place. \u00abNous avons (&#8230;) clairement indiqu\u00e9 au sujet des forces internationales qu\u2019Isra\u00ebl d\u00e9ciderait quelles forces \u00e9taient inacceptables pour nous\u00bb, a d\u00e9clar\u00e9 Benyamin Netanyahou, oppos\u00e9 en particulier au d\u00e9ploiement de forces turques, dont le pays entretient des liens \u00e9troits avec le mouvement islamiste palestinien Hamas.<\/p>\n","protected":false},"excerpt":{"rendered":"Les \u00e9quipes turques qui participent aux recherches de corps attendent toujours l\u2019autorisation d\u2019entrer par Isra\u00ebl, selon le minist\u00e8re&hellip;\n","protected":false},"author":2,"featured_media":500101,"comment_status":"","ping_status":"","sticky":false,"template":"","format":"standard","meta":{"footnotes":""},"categories":[5],"tags":[11,1011,27,665,14,12,3496,28],"class_list":{"0":"post-500100","1":"post","2":"type-post","3":"status-publish","4":"format-standard","5":"has-post-thumbnail","7":"category-international","8":"tag-actualites","9":"tag-fr","10":"tag-france","11":"tag-gaza","12":"tag-international","13":"tag-news","14":"tag-turquie","15":"tag-world"},"share_on_mastodon":{"url":"https:\/\/pubeurope.com\/@fr\/115463517939629778","error":""},"_links":{"self":[{"href":"https:\/\/www.europesays.com\/fr\/wp-json\/wp\/v2\/posts\/500100","targetHints":{"allow":["GET"]}}],"collection":[{"href":"https:\/\/www.europesays.com\/fr\/wp-json\/wp\/v2\/posts"}],"about":[{"href":"https:\/\/www.europesays.com\/fr\/wp-json\/wp\/v2\/types\/post"}],"author":[{"embeddable":true,"href":"https:\/\/www.europesays.com\/fr\/wp-json\/wp\/v2\/users\/2"}],"replies":[{"embeddable":true,"href":"https:\/\/www.europesays.com\/fr\/wp-json\/wp\/v2\/comments?post=500100"}],"version-history":[{"count":0,"href":"https:\/\/www.europesays.com\/fr\/wp-json\/wp\/v2\/posts\/500100\/revisions"}],"wp:featuredmedia":[{"embeddable":true,"href":"https:\/\/www.europesays.com\/fr\/wp-json\/wp\/v2\/media\/500101"}],"wp:attachment":[{"href":"https:\/\/www.europesays.com\/fr\/wp-json\/wp\/v2\/media?parent=500100"}],"wp:term":[{"taxonomy":"category","embeddable":true,"href":"https:\/\/www.europesays.com\/fr\/wp-json\/wp\/v2\/categories?post=500100"},{"taxonomy":"post_tag","embeddable":true,"href":"https:\/\/www.europesays.com\/fr\/wp-json\/wp\/v2\/tags?post=500100"}],"curies":[{"name":"wp","href":"https:\/\/api.w.org\/{rel}","templated":true}]}}