{"id":500124,"date":"2025-10-30T14:26:11","date_gmt":"2025-10-30T14:26:11","guid":{"rendered":"https:\/\/www.europesays.com\/fr\/500124\/"},"modified":"2025-10-30T14:26:11","modified_gmt":"2025-10-30T14:26:11","slug":"municipales-2026-a-rennes-le-candidat-lr-thomas-rousseau-propose-une-primaire-pour-designer-le-candidat-de-lopposition","status":"publish","type":"post","link":"https:\/\/www.europesays.com\/fr\/500124\/","title":{"rendered":"Municipales 2026 \u00e0 Rennes\u00a0: le candidat LR Thomas Rousseau propose une primaire pour d\u00e9signer le candidat de l\u2019opposition"},"content":{"rendered":"<p>Alors que <a href=\"https:\/\/www.letelegramme.fr\/ille-et-vilaine\/rennes-35000\/apres-lalliance-entre-appere-et-les-ecologistes-pour-les-municipales-a-rennes-le-partage-des-places-agite-la-gauche-6918802.php\" target=\"_blank\" rel=\"noopener\">l\u2019alliance entre Nathalie App\u00e9r\u00e9 et les \u00c9cologistes est d\u00e9sormais officielle<\/a>, l\u2019opposition, elle, est toujours en pleine n\u00e9gociation. D\u2019un c\u00f4t\u00e9, le tandem entre Charles Compagnon et Carole Gandon &#8211; lui, du parti Horizons, elle, issue de la Macronie &#8211; a fait savoir \u00e0 la rentr\u00e9e qu\u2019ils \u00e9taient pr\u00eats \u00e0 partir ensemble. De l\u2019autre, le LR Thomas Rousseau qui fait pour le moment cavalier seul, apr\u00e8s s\u2019\u00eatre officiellement d\u00e9clar\u00e9 cet \u00e9t\u00e9.<\/p>\n<p>Les discussions sur leur programme de coalition avancent. Mais une question reste en suspens, sans doute la plus difficile \u00e0 r\u00e9gler : qui serait le candidat de l\u2019union ? Charles Compagnon ne cache pas son envie d\u2019y aller. Le conseiller municipal d\u2019opposition, d\u00e9j\u00e0 en lices en 2020, s\u2019estime particuli\u00e8rement l\u00e9gitime \u00e0 se repr\u00e9senter au vote des Rennais, apr\u00e8s avoir labour\u00e9 le terrain et travaill\u00e9 les dossiers pendant six ans. Thomas Rousseau, non \u00e9lu et arriv\u00e9 plus r\u00e9cemment dans le paysage politique rennais, s\u2019y verrait bien aussi. Et le r\u00e9p\u00e8te \u00e0 l\u2019envi : il a \u00e9t\u00e9 investi par LR et il est le seul dans ce cas candidat officiel \u00e0 cette heure.<\/p>\n<p>Une primaire \u00ab ouverte aux adh\u00e9rents \u00bb<\/p>\n<p>Alors, comment les d\u00e9partager ? Thomas Rousseau avance une id\u00e9e : une primaire de l\u2019opposition. \u00ab Elle pourrait \u00eatre ouverte aux adh\u00e9rents de tous les partis qui se r\u00e9clament de la droite et du centre \u00bb, lance-t-il, ce jeudi 30 octobre, en marge d\u2019une conf\u00e9rence de presse de pr\u00e9sentation de quelques-unes de ses propositions. \u00ab Je pense que c\u2019est coh\u00e9rent avec les valeurs que nous portons de redonner la parole aux Rennais. Valider par un vote d\u00e9mocratique un choix comme celui-ci est un important. La m\u00e9thode a fonctionn\u00e9 \u00e0 Nantes. \u00bb<\/p>\n<p>Le militant affirme avoir soumis l\u2019id\u00e9e \u00e0 ses hypoth\u00e9tiques partenaires dans le cadre des discussions en cours. \u00ab Notre volont\u00e9, c\u2019est le rassemblement le plus large possible, \u00e0 partir de nos id\u00e9es, pour construire l\u2019alternance \u00bb, redit-il, alors que<a href=\"https:\/\/www.letelegramme.fr\/ille-et-vilaine\/rennes-35000\/municipales-a-rennes-le-candidat-lr-dement-avoir-participe-aux-ateliers-des-elus-dopposition-et-appelle-au-rassemblement-derriere-lui-6896975.php\" target=\"_blank\" rel=\"noopener\"> des tensions se sont fait jour ces derni\u00e8res semaines<\/a>, jetant le doute sur la capacit\u00e9 des \u00e9quipes \u00e0 s\u2019entendre. Reste \u00e0 savoir si l\u2019id\u00e9e de se soumettre \u00e0 ce vote sera accept\u00e9e par les autres. Le temps presse, en tout cas : les \u00e9lections municipales sont d\u00e9sormais dans moins de cinq mois.<\/p>\n","protected":false},"excerpt":{"rendered":"Alors que l\u2019alliance entre Nathalie App\u00e9r\u00e9 et les \u00c9cologistes est d\u00e9sormais officielle, l\u2019opposition, elle, est toujours en pleine&hellip;\n","protected":false},"author":2,"featured_media":500125,"comment_status":"","ping_status":"","sticky":false,"template":"","format":"standard","meta":{"footnotes":""},"categories":[2821],"tags":[1111,11,829,2761,765,1777,674,1011,27,848,3434,12,584,25],"class_list":{"0":"post-500124","1":"post","2":"type-post","3":"status-publish","4":"format-standard","5":"has-post-thumbnail","7":"category-rennes","8":"tag-actu","9":"tag-actualites","10":"tag-bretagne","11":"tag-elections-municipales-2026","12":"tag-en-continu","13":"tag-eu","14":"tag-europe","15":"tag-fr","16":"tag-france","17":"tag-ille-et-vilaine","18":"tag-municipales-2026","19":"tag-news","20":"tag-rennes","21":"tag-republique-francaise"},"share_on_mastodon":{"url":"https:\/\/pubeurope.com\/@fr\/115463584808955491","error":""},"_links":{"self":[{"href":"https:\/\/www.europesays.com\/fr\/wp-json\/wp\/v2\/posts\/500124","targetHints":{"allow":["GET"]}}],"collection":[{"href":"https:\/\/www.europesays.com\/fr\/wp-json\/wp\/v2\/posts"}],"about":[{"href":"https:\/\/www.europesays.com\/fr\/wp-json\/wp\/v2\/types\/post"}],"author":[{"embeddable":true,"href":"https:\/\/www.europesays.com\/fr\/wp-json\/wp\/v2\/users\/2"}],"replies":[{"embeddable":true,"href":"https:\/\/www.europesays.com\/fr\/wp-json\/wp\/v2\/comments?post=500124"}],"version-history":[{"count":0,"href":"https:\/\/www.europesays.com\/fr\/wp-json\/wp\/v2\/posts\/500124\/revisions"}],"wp:featuredmedia":[{"embeddable":true,"href":"https:\/\/www.europesays.com\/fr\/wp-json\/wp\/v2\/media\/500125"}],"wp:attachment":[{"href":"https:\/\/www.europesays.com\/fr\/wp-json\/wp\/v2\/media?parent=500124"}],"wp:term":[{"taxonomy":"category","embeddable":true,"href":"https:\/\/www.europesays.com\/fr\/wp-json\/wp\/v2\/categories?post=500124"},{"taxonomy":"post_tag","embeddable":true,"href":"https:\/\/www.europesays.com\/fr\/wp-json\/wp\/v2\/tags?post=500124"}],"curies":[{"name":"wp","href":"https:\/\/api.w.org\/{rel}","templated":true}]}}