{"id":500126,"date":"2025-10-30T14:27:12","date_gmt":"2025-10-30T14:27:12","guid":{"rendered":"https:\/\/www.europesays.com\/fr\/500126\/"},"modified":"2025-10-30T14:27:12","modified_gmt":"2025-10-30T14:27:12","slug":"strasbourg-percutee-par-un-automobiliste-et-blessee-une-jeune-femme-porte-plainte-contre-x","status":"publish","type":"post","link":"https:\/\/www.europesays.com\/fr\/500126\/","title":{"rendered":"Strasbourg. Percut\u00e9e par un automobiliste et bless\u00e9e, une jeune femme porte plainte contre X"},"content":{"rendered":"<p>Une fracture ouverte de la cheville, quatre jours d\u2019hospitalisation et une quinzaine de points de suture. Victime d\u2019un accident de la route, une jeune femme de 27 ans a r\u00e9cemment d\u00e9pos\u00e9 plainte contre X pour blessures involontaires apr\u00e8s s\u2019\u00eatre fait percuter par un automobiliste sur un passage pi\u00e9ton, le 16\u00a0octobre, vers 17\u00a0h\u00a030, \u00e0 Strasbourg.<\/p>\n<p>\u00ab\u00a0J\u2019ai \u00e9t\u00e9 projet\u00e9e en l\u2019air et je suis retomb\u00e9e sur le bas du dos\u00a0\u00bb<\/p>\n<p>Le jour des faits, elle sort de chez elle pour&#8230;<\/p>\n","protected":false},"excerpt":{"rendered":"Une fracture ouverte de la cheville, quatre jours d\u2019hospitalisation et une quinzaine de points de suture. Victime d\u2019un&hellip;\n","protected":false},"author":2,"featured_media":500127,"comment_status":"","ping_status":"","sticky":false,"template":"","format":"standard","meta":{"footnotes":""},"categories":[2820],"tags":[119,1111,11,2880,1777,674,274,107,1011,27,775,12,25,640,2879],"class_list":{"0":"post-500126","1":"post","2":"type-post","3":"status-publish","4":"format-standard","5":"has-post-thumbnail","7":"category-strasbourg","8":"tag-accident","9":"tag-actu","10":"tag-actualites","11":"tag-edition-strasbourg","12":"tag-eu","13":"tag-europe","14":"tag-faits-divers-justice","15":"tag-fil-info","16":"tag-fr","17":"tag-france","18":"tag-grand-est","19":"tag-news","20":"tag-republique-francaise","21":"tag-strasbourg","22":"tag-strasbourg-ville"},"share_on_mastodon":{"url":"https:\/\/pubeurope.com\/@fr\/115463588855326431","error":""},"_links":{"self":[{"href":"https:\/\/www.europesays.com\/fr\/wp-json\/wp\/v2\/posts\/500126","targetHints":{"allow":["GET"]}}],"collection":[{"href":"https:\/\/www.europesays.com\/fr\/wp-json\/wp\/v2\/posts"}],"about":[{"href":"https:\/\/www.europesays.com\/fr\/wp-json\/wp\/v2\/types\/post"}],"author":[{"embeddable":true,"href":"https:\/\/www.europesays.com\/fr\/wp-json\/wp\/v2\/users\/2"}],"replies":[{"embeddable":true,"href":"https:\/\/www.europesays.com\/fr\/wp-json\/wp\/v2\/comments?post=500126"}],"version-history":[{"count":0,"href":"https:\/\/www.europesays.com\/fr\/wp-json\/wp\/v2\/posts\/500126\/revisions"}],"wp:featuredmedia":[{"embeddable":true,"href":"https:\/\/www.europesays.com\/fr\/wp-json\/wp\/v2\/media\/500127"}],"wp:attachment":[{"href":"https:\/\/www.europesays.com\/fr\/wp-json\/wp\/v2\/media?parent=500126"}],"wp:term":[{"taxonomy":"category","embeddable":true,"href":"https:\/\/www.europesays.com\/fr\/wp-json\/wp\/v2\/categories?post=500126"},{"taxonomy":"post_tag","embeddable":true,"href":"https:\/\/www.europesays.com\/fr\/wp-json\/wp\/v2\/tags?post=500126"}],"curies":[{"name":"wp","href":"https:\/\/api.w.org\/{rel}","templated":true}]}}