{"id":50014,"date":"2025-04-24T20:18:28","date_gmt":"2025-04-24T20:18:28","guid":{"rendered":"https:\/\/www.europesays.com\/fr\/50014\/"},"modified":"2025-04-24T20:18:28","modified_gmt":"2025-04-24T20:18:28","slug":"vous-cherchez-des-alternantes-a-cote-de-strasbourg-lecole-esg-vous-aide-a-trouver-la-perle-rare","status":"publish","type":"post","link":"https:\/\/www.europesays.com\/fr\/50014\/","title":{"rendered":"Vous cherchez des alternant(e)s ? \u00c0 c\u00f4t\u00e9 de Strasbourg, l&rsquo;\u00e9cole ESG vous aide \u00e0 trouver la perle rare"},"content":{"rendered":"<p>    <img loading=\"lazy\" width=\"1800\" height=\"900\" src=\"https:\/\/www.europesays.com\/fr\/wp-content\/uploads\/2025\/04\/jeanne-callthepolice.jpg\" class=\"attachment-full size-full\" alt=\"\" id=\"imageLove\" decoding=\"async\"  \/><\/p>\n<p id=\"breadcrumbs\"><a href=\"https:\/\/pokaa.fr\/\" target=\"_blank\" rel=\"noopener\">Accueil<\/a> \/ <a href=\"https:\/\/pokaa.fr\/categories\/actu\/\" target=\"_blank\" rel=\"noopener\">Info locale<\/a> \/ Vous cherchez des alternant(e)s ? \u00c0 c\u00f4t\u00e9 de Strasbourg, l\u2019\u00e9cole ESG vous aide \u00e0 trouver la perle rare<\/p>\n<p>                    Info locale<\/p>\n<p><strong>Avant leurs portes ouvertes organis\u00e9es ce samedi 26 avril \u00e0 deux pas de Strasbourg, on a discut\u00e9 avec l\u2019\u00e9cole de commerce ESG pour en savoir plus sur les enseignements dispens\u00e9s, mais surtout sur l\u2019importance de l\u2019alternance dans leurs cursus. De quoi motiver les \u00e9tudiant(e)s et les entreprises, qui cherchent les bons profils.\u00a0<\/strong><\/p>\n<p>L\u2019ESG, c\u2019est une \u00e9cole de commerce qui s\u2019est \u00e9tablie en 2021 dans le b\u00e2timent du Kampus, <strong>au c\u0153ur de l\u2019Espace europ\u00e9en de l\u2019entreprise, \u00e0 Schiltigheim.<\/strong><\/p>\n<p>Elle propose <strong>plusieurs formations en alternance, <\/strong>du niveau bac +3 (titre RNCP niveau 6) ou bac +5 (master), dans<strong> l\u2019\u00e9v\u00e9nementiel, la communication, <\/strong>mais \u00e9galement les <strong>ressources humaines, le management<\/strong>, ou encore le <strong>marketing, l\u2019entrepreneuriat\u2026\u00a0<\/strong><\/p>\n<p>                <img width=\"751\" height=\"500\" src=\"https:\/\/www.europesays.com\/fr\/wp-content\/uploads\/2025\/04\/img-7945-751x500.jpg\" class=\"attachment-gallery size-gallery\" alt=\"\u00e9cole de commerce esg\" data-full-url=\"https:\/\/pokaa.fr\/wp-content\/uploads\/2025\/04\/23\/img-7945.jpg\" decoding=\"async\" loading=\"lazy\"  \/>            <\/p>\n<p>                <img width=\"660\" height=\"500\" src=\"https:\/\/www.europesays.com\/fr\/wp-content\/uploads\/2025\/04\/espace-europeen-de-lentreprise-schiltigheim-660x500.png\" class=\"attachment-gallery size-gallery\" alt=\"Espace europ\u00e9en de l\u2019entreprise schiltigheim\" data-full-url=\"https:\/\/pokaa.fr\/wp-content\/uploads\/2024\/03\/07\/espace-europeen-de-lentreprise-schiltigheim.png\" decoding=\"async\" loading=\"lazy\"  \/>            <\/p>\n<p>                    1. \u00a9 Kampus \/ Document remis ; 2. \u00a9 Strasbourg.eu \/ Capture d&rsquo;\u00e9cran <\/p>\n<p>                <img width=\"749\" height=\"500\" src=\"https:\/\/www.europesays.com\/fr\/wp-content\/uploads\/2025\/04\/img-7944-749x500.jpg\" class=\"attachment-gallery size-gallery\" alt=\"\u00e9cole de commerce esg\" data-full-url=\"https:\/\/pokaa.fr\/wp-content\/uploads\/2025\/04\/23\/img-7944.jpg\" decoding=\"async\" loading=\"lazy\"  \/>            <\/p>\n<p>                <img width=\"749\" height=\"500\" src=\"https:\/\/www.europesays.com\/fr\/wp-content\/uploads\/2025\/04\/img-7943-749x500.jpg\" class=\"attachment-gallery size-gallery\" alt=\"\u00e9cole de commerce esg\" data-full-url=\"https:\/\/pokaa.fr\/wp-content\/uploads\/2025\/04\/23\/img-7943.jpg\" decoding=\"async\" loading=\"lazy\"  \/>            <\/p>\n<p>                    \u00a9 Kampus \/ Documents remis<\/p>\n<p>Des liens privil\u00e9gi\u00e9s avec des centaines d&rsquo;entreprises<\/p>\n<p><strong>Des alternances qui existent gr\u00e2ce \u00e0 des liens cr\u00e9\u00e9s avec <a href=\"https:\/\/www.esg.fr\/ecole-strasbourg\/alternance\/entreprises-partenaires\" target=\"_blank\" rel=\"noopener\">de nombreuses entreprises<\/a><\/strong>, situ\u00e9es en Alsace, dans le Grand Est, en France et partout dans le monde : <strong>Auchan, BNP Paribas, ENGIE, Foncia, Henkel, La Poste, Orange, L\u2019Or\u00e9al, Mercedes-Benz, Veolia, etc.\u00a0<\/strong><\/p>\n<p>D\u2019ailleurs, l\u2019\u00e9cole cherche continuellement de nouvelles entreprises \u00e0 proposer aux \u00e9tudiant(e)s ! Ainsi, \u00ab <strong>quel que soit le projet professionnel<\/strong>, les opportunit\u00e9s sont nombreuses \u00bb, explique-t-elle.<\/p>\n<p>                <img width=\"749\" height=\"500\" src=\"https:\/\/www.europesays.com\/fr\/wp-content\/uploads\/2025\/04\/img-7948-749x500.jpg\" class=\"attachment-gallery size-gallery\" alt=\"\u00e9cole de commerce esg\" data-full-url=\"https:\/\/pokaa.fr\/wp-content\/uploads\/2025\/04\/23\/img-7948.jpg\" decoding=\"async\" loading=\"lazy\"  \/>            <\/p>\n<p>                <img width=\"749\" height=\"500\" src=\"https:\/\/www.europesays.com\/fr\/wp-content\/uploads\/2025\/04\/img-7947-749x500.jpg\" class=\"attachment-gallery size-gallery\" alt=\"\u00e9cole de commerce esg\" data-full-url=\"https:\/\/pokaa.fr\/wp-content\/uploads\/2025\/04\/23\/img-7947.jpg\" decoding=\"async\" loading=\"lazy\"  \/>            <\/p>\n<p>                <img width=\"749\" height=\"500\" src=\"https:\/\/www.europesays.com\/fr\/wp-content\/uploads\/2025\/04\/img-7946-749x500.jpg\" class=\"attachment-gallery size-gallery\" alt=\"\u00e9cole de commerce esg\" data-full-url=\"https:\/\/pokaa.fr\/wp-content\/uploads\/2025\/04\/23\/img-7946.jpg\" decoding=\"async\" loading=\"lazy\"  \/>            <\/p>\n<p>                    \u00a9 Kampus \/ Documents remis<\/p>\n<p>Si toutes les formations sont dispens\u00e9es en alternance, ce n\u2019est pas pour rien. En effet, elle pr\u00e9sente <strong>de nombreux avantages, non seulement pour l\u2019\u00e9tudiant(e), mais aussi pour l\u2019entreprise qui va l\u2019accueillir, <\/strong>avec l\u2019aide de l\u2019ESG qui est l\u00e0 pour filer un coup de pouce aux professionnel(le)s.<\/p>\n<p>L\u2019objectif ? <strong>Qualifier les besoins de chaque entreprise, diffuser les offres et s\u00e9lectionner des profils taill\u00e9s sur mesure. <\/strong>L\u2019accompagnement continue ensuite de l\u2019\u00e9tablissement du contrat jusqu\u2019\u00e0 la fin de la mission, avec <strong>\u00ab un suivi personnalis\u00e9 tout au long de l\u2019alternance \u00bb.<\/strong><\/p>\n<p>                <img width=\"750\" height=\"500\" src=\"https:\/\/www.europesays.com\/fr\/wp-content\/uploads\/2025\/04\/hager-2-750x500.jpeg\" class=\"attachment-gallery size-gallery\" alt=\"Hager entreprise job testing\" data-full-url=\"https:\/\/pokaa.fr\/wp-content\/uploads\/2023\/01\/hager-2-1500x1000.jpeg\" decoding=\"async\" loading=\"lazy\"  \/>            <\/p>\n<p>                <img width=\"750\" height=\"500\" src=\"https:\/\/www.europesays.com\/fr\/wp-content\/uploads\/2025\/04\/hager-1-750x500.jpeg\" class=\"attachment-gallery size-gallery\" alt=\"Hager entreprise job testing\" data-full-url=\"https:\/\/pokaa.fr\/wp-content\/uploads\/2023\/01\/hager-1-1500x1000.jpeg\" decoding=\"async\" loading=\"lazy\"  \/>            <\/p>\n<p>                    Photos prises lors d&rsquo;un \u00ab job testing \u00bb chez Hager. \u00a9 Document remis<\/p>\n<p>L&rsquo;alternance : le grand plus qui fait la diff\u00e9rence <\/p>\n<p><strong>Pour l\u2019\u00e9tudiant(e)<\/strong>, l\u2019alternance permet de <strong>combiner \u00e9tudes et activit\u00e9s professionnelles en s\u2019immergeant tr\u00e8s t\u00f4t dans le monde du travail : <\/strong>\u00ab Les \u00e9tudiants effectuent une semaine de cours pour deux semaines en entreprise. \u00bb\u00a0<\/p>\n<p>Des \u00e9tudes durant lesquelles <strong>la th\u00e9orie se m\u00eale \u00e0 la pratique<\/strong> et qui permettent de constituer un v\u00e9ritable r\u00e9seau professionnel. <strong>Pour l\u2019entreprise, l\u2019alternance permet aussi de former de futur(e)s salari\u00e9(e)s<\/strong>, dans des domaines o\u00f9 la main-d\u2019\u0153uvre peut parfois manquer.<\/p>\n<p>                <img width=\"825\" height=\"438\" src=\"https:\/\/www.europesays.com\/fr\/wp-content\/uploads\/2025\/04\/kampus-esg-alternance-7.png\" class=\"attachment-gallery size-gallery\" alt=\"Kampus ESG Alternance (7)\" data-full-url=\"https:\/\/www.europesays.com\/fr\/wp-content\/uploads\/2025\/04\/kampus-esg-alternance-7.png\" decoding=\"async\" loading=\"lazy\"  \/>            <\/p>\n<p>                <img width=\"923\" height=\"452\" src=\"https:\/\/www.europesays.com\/fr\/wp-content\/uploads\/2025\/04\/kampus-esg-alternance-5.png\" class=\"attachment-gallery size-gallery\" alt=\"Kampus ESG Alternance (5)\" data-full-url=\"https:\/\/www.europesays.com\/fr\/wp-content\/uploads\/2025\/04\/kampus-esg-alternance-5.png\" decoding=\"async\" loading=\"lazy\"  \/>            <\/p>\n<p>                    \u00a9 Kampus \/ Documents remis<\/p>\n<p><strong>Alors, que vous soyez un(e) \u00e9tudiant(e) ou une entreprise, <\/strong><a href=\"https:\/\/www.esg.fr\/ecole-strasbourg?gge_source=google&amp;gge_medium=cpc&amp;gge_term=esg%20strasbourg&amp;gge_campaign=Search-Strasbourg-Marque&amp;gad_source=1&amp;gbraid=0AAAAADwEJhWo-3CNXsRkhCyT_aCdk6_TQ&amp;gclid=CjwKCAjwwqfABhBcEiwAZJjC3qrqQbUeMg7v0yCpPkodZdz387_9ZDBmO0aRZIiSbHJLV_nNXx9hBBoCxUAQAvD_BwE\" target=\"_blank\" rel=\"noopener\"><strong>rendez-vous ici<\/strong><\/a>. Et on le rappel : des portes ouvertes sont organis\u00e9es ce samedi 26 avril, de 9h \u00e0 12h.<\/p>\n<p>            \u00c9cole de commerce ESG \/ Recrutement des alternant(e)s<\/p>\n<p>            Quoi ?<br \/>\n            \u00c9cole        <\/p>\n<p>            o\u00f9 ?<br \/>\n            3 rue de la Haye, \u00e0 l&rsquo;Espace europ\u00e9en de l&rsquo;entreprise, \u00e0 Schiltigheim        <\/p>\n<p>                Plus d&rsquo;infos ?<\/p>\n<p><a href=\"https:\/\/www.esg.fr\/ecole-strasbourg?gge_source=google&amp;gge_medium=cpc&amp;gge_term=esg&amp;gge_campaign=Search-Strasbourg-Marque&amp;gad_source=1&amp;gbraid=0AAAAADwEJhVWjdcS7ANtjIancvT5GEvhU&amp;gclid=Cj0KCQjw_JzABhC2ARIsAPe3ynrIy-47rGVTeWQNzF__4UcCI-oIpxQQdlnZP7TTQkj7NZY5MBslzSsaAjfZEALw_wcB\" target=\"_blank\" rel=\"noopener\">Le site web de l\u2019ESG Strasbourg<\/a><br \/>Rendez-vous le samedi 26 avril de 9h \u00e0 12h pour les portes ouvertes (<a href=\"https:\/\/www.esg.fr\/jpo?id_l_1=491&amp;event=urn:bossanova:commercial_unit_meeting:43766472-3e53-42f0-a835-28ce3769e88c&amp;id_l_1=491\" target=\"_blank\" rel=\"noopener\">pour s\u2019inscrire, c\u2019est ici<\/a>)<\/p>\n","protected":false},"excerpt":{"rendered":"Accueil \/ Info locale \/ Vous cherchez des alternant(e)s ? \u00c0 c\u00f4t\u00e9 de Strasbourg, l\u2019\u00e9cole ESG vous aide&hellip;\n","protected":false},"author":2,"featured_media":50015,"comment_status":"","ping_status":"","sticky":false,"template":"","format":"standard","meta":{"footnotes":""},"categories":[2820],"tags":[1111,11,14239,14240,1777,674,1011,27,775,12,14241,25,640],"class_list":{"0":"post-50014","1":"post","2":"type-post","3":"status-publish","4":"format-standard","5":"has-post-thumbnail","7":"category-strasbourg","8":"tag-actu","9":"tag-actualites","10":"tag-ecole-de-commerce","11":"tag-esg","12":"tag-eu","13":"tag-europe","14":"tag-fr","15":"tag-france","16":"tag-grand-est","17":"tag-news","18":"tag-portes-ouvertes","19":"tag-republique-francaise","20":"tag-strasbourg"},"share_on_mastodon":{"url":"https:\/\/pubeurope.com\/@fr\/114394792527920216","error":""},"_links":{"self":[{"href":"https:\/\/www.europesays.com\/fr\/wp-json\/wp\/v2\/posts\/50014","targetHints":{"allow":["GET"]}}],"collection":[{"href":"https:\/\/www.europesays.com\/fr\/wp-json\/wp\/v2\/posts"}],"about":[{"href":"https:\/\/www.europesays.com\/fr\/wp-json\/wp\/v2\/types\/post"}],"author":[{"embeddable":true,"href":"https:\/\/www.europesays.com\/fr\/wp-json\/wp\/v2\/users\/2"}],"replies":[{"embeddable":true,"href":"https:\/\/www.europesays.com\/fr\/wp-json\/wp\/v2\/comments?post=50014"}],"version-history":[{"count":0,"href":"https:\/\/www.europesays.com\/fr\/wp-json\/wp\/v2\/posts\/50014\/revisions"}],"wp:featuredmedia":[{"embeddable":true,"href":"https:\/\/www.europesays.com\/fr\/wp-json\/wp\/v2\/media\/50015"}],"wp:attachment":[{"href":"https:\/\/www.europesays.com\/fr\/wp-json\/wp\/v2\/media?parent=50014"}],"wp:term":[{"taxonomy":"category","embeddable":true,"href":"https:\/\/www.europesays.com\/fr\/wp-json\/wp\/v2\/categories?post=50014"},{"taxonomy":"post_tag","embeddable":true,"href":"https:\/\/www.europesays.com\/fr\/wp-json\/wp\/v2\/tags?post=50014"}],"curies":[{"name":"wp","href":"https:\/\/api.w.org\/{rel}","templated":true}]}}