{"id":500146,"date":"2025-10-30T14:37:12","date_gmt":"2025-10-30T14:37:12","guid":{"rendered":"https:\/\/www.europesays.com\/fr\/500146\/"},"modified":"2025-10-30T14:37:12","modified_gmt":"2025-10-30T14:37:12","slug":"deux-accidents-simultanes-pres-de-lille-ce-jeudi","status":"publish","type":"post","link":"https:\/\/www.europesays.com\/fr\/500146\/","title":{"rendered":"deux accidents simultan\u00e9s pr\u00e8s de Lille ce jeudi"},"content":{"rendered":"<p>            Par<br \/>\n        <strong><br \/>\n            <a href=\"https:\/\/actu.fr\/auteur\/margot-nicodeme\" title=\"Consulter tous les articles de Margot Nicod\u00e8me\" target=\"_blank\" rel=\"noopener\">Margot Nicod\u00e8me<\/a><br \/>\n        <\/strong><\/p>\n<p>        Publi\u00e9 le<\/p>\n<p>            30 oct. 2025 \u00e0 14h55        <\/p>\n<p>Peut-\u00eatre y a-t-il un effet retour des vacances, mais <a href=\"https:\/\/actu.fr\/hauts-de-france\/ennetieres-en-weppes_59196\/des-bouchons-sur-la25-vers-lille-apres-un-accident-entre-une-voiture-et-un-poids-lourd_63370415.html\" target=\"_blank\" rel=\"noopener\">ce n\u2019est pas le premier accident rapport\u00e9<\/a> par la cellule de vigilance routi\u00e8re, ce jeudi 30 octobre 2025. Vers 14h30, <b>une collision entre deux v\u00e9hicules l\u00e9gers s\u2019est produite sur la tr\u00e8s fr\u00e9quent\u00e9e autoroute A1<\/b>, dans le Pas-de-Calais. Un second accident est en cours sur le p\u00e9riph\u00e9rique lillois.<\/p>\n<p>Un accident sur l\u2019A1 dans le Pas-de-Calais, un autre sur la voie urbaine rapide vers Lille ce jeudi<\/p>\n<p class=\" wall-content\">L\u2019accident est localis\u00e9<b> au niveau de Dourges<\/b>, dans le sens Lille vers Paris, 1 km avant la jonction avec l\u2019A21. La voie de gauche est ferm\u00e9e \u00e0 la circulation, en raison des deux voitures impliqu\u00e9es qui l\u2019occupent. Un bouchon de 3 km, \u00ab\u00a0en augmentation\u00a0\u00bb, s\u2019est form\u00e9. Soyez prudents.\u00a0<\/p>\n<p class=\" wall-content\">\u00c0 noter, pour ceux qui se rendraient dans la m\u00e9tropole lilloise, qu\u2019un accident est survenu \u00e0 peu pr\u00e8s au m\u00eame moment,<b> sur la RN 356, la voie rapide urbaine<\/b>. Dans le sens Lille et Roubaix, <b>deux poids lourds se sont percut\u00e9s<\/b>, et occupaient, vers 14h30, la voie du milieu.<\/p>\n<p class=\" wall-content\">\u00c0 hauteur de Mons-en-Bar\u0153ul, 2 km d\u2019embouteillage se sont rapidement form\u00e9s.<\/p>\n<p class=\" wall-content\">Personnalisez votre actualit\u00e9 en ajoutant vos villes et m\u00e9dias en favori avec <a href=\"https:\/\/moncompte.actu.fr\" title=\"D\u00e9couvez Mon Actu\" rel=\"nofollow noopener\" data-trk=\"{&quot;cta&quot;:{&quot;action&quot;:&quot;https:\\\/\\\/moncompte.actu.fr&quot;,&quot;category&quot;:&quot;mon compte&quot;,&quot;from&quot;:&quot;article footer&quot;,&quot;name&quot;:&quot;Mon actu&quot;,&quot;type&quot;:&quot;cta&quot;}}\" target=\"_blank\">Mon Actu<\/a>.<\/p>\n","protected":false},"excerpt":{"rendered":"Par Margot Nicod\u00e8me Publi\u00e9 le 30 oct. 2025 \u00e0 14h55 Peut-\u00eatre y a-t-il un effet retour des vacances,&hellip;\n","protected":false},"author":2,"featured_media":500147,"comment_status":"","ping_status":"","sticky":false,"template":"","format":"standard","meta":{"footnotes":""},"categories":[2815],"tags":[1111,11,9904,1777,674,118,1011,27,811,1307,12,25],"class_list":{"0":"post-500146","1":"post","2":"type-post","3":"status-publish","4":"format-standard","5":"has-post-thumbnail","7":"category-lille","8":"tag-actu","9":"tag-actualites","10":"tag-autoroute-1-a1","11":"tag-eu","12":"tag-europe","13":"tag-faits-divers","14":"tag-fr","15":"tag-france","16":"tag-hauts-de-france","17":"tag-lille","18":"tag-news","19":"tag-republique-francaise"},"share_on_mastodon":{"url":"https:\/\/pubeurope.com\/@fr\/115463628279686784","error":""},"_links":{"self":[{"href":"https:\/\/www.europesays.com\/fr\/wp-json\/wp\/v2\/posts\/500146","targetHints":{"allow":["GET"]}}],"collection":[{"href":"https:\/\/www.europesays.com\/fr\/wp-json\/wp\/v2\/posts"}],"about":[{"href":"https:\/\/www.europesays.com\/fr\/wp-json\/wp\/v2\/types\/post"}],"author":[{"embeddable":true,"href":"https:\/\/www.europesays.com\/fr\/wp-json\/wp\/v2\/users\/2"}],"replies":[{"embeddable":true,"href":"https:\/\/www.europesays.com\/fr\/wp-json\/wp\/v2\/comments?post=500146"}],"version-history":[{"count":0,"href":"https:\/\/www.europesays.com\/fr\/wp-json\/wp\/v2\/posts\/500146\/revisions"}],"wp:featuredmedia":[{"embeddable":true,"href":"https:\/\/www.europesays.com\/fr\/wp-json\/wp\/v2\/media\/500147"}],"wp:attachment":[{"href":"https:\/\/www.europesays.com\/fr\/wp-json\/wp\/v2\/media?parent=500146"}],"wp:term":[{"taxonomy":"category","embeddable":true,"href":"https:\/\/www.europesays.com\/fr\/wp-json\/wp\/v2\/categories?post=500146"},{"taxonomy":"post_tag","embeddable":true,"href":"https:\/\/www.europesays.com\/fr\/wp-json\/wp\/v2\/tags?post=500146"}],"curies":[{"name":"wp","href":"https:\/\/api.w.org\/{rel}","templated":true}]}}