{"id":500152,"date":"2025-10-30T14:40:15","date_gmt":"2025-10-30T14:40:15","guid":{"rendered":"https:\/\/www.europesays.com\/fr\/500152\/"},"modified":"2025-10-30T14:40:15","modified_gmt":"2025-10-30T14:40:15","slug":"14-ans-de-prison-pour-le-chef-dune-bande-criminelle-corse","status":"publish","type":"post","link":"https:\/\/www.europesays.com\/fr\/500152\/","title":{"rendered":"14 ans de prison pour le chef d&rsquo;une bande criminelle corse"},"content":{"rendered":"<p>\n    Yassine Akhazzane a \u00e9t\u00e9 condamn\u00e9 pour association de malfaiteurs en vue de commettre un assassinat, accus\u00e9 d\u2019avoir \u00e9t\u00e9 sur le point, avec l\u2019aide de complices, de tuer le fils d\u2019une famille rivale.<\/p>\n<p class=\"fig-paragraph\"><a href=\"http:\/\/www.lefigaro.fr\/marseille\/marseille-un-prevenu-dement-etre-a-la-tete-d-un-clan-maghrebin-en-corse-20251029\" data-fig-type=\"NewsFlash\" data-gtm-custom-categorie=\"navigation\" data-gtm-custom-action=\"crossclick\" data-gtm-custom-label=\"Contextuel\" data-gtm-event=\"customEventSPE\" data-fig-domain=\"LEFIGARO\" target=\"_blank\" rel=\"noopener\">Yassine Akhazzane<\/a>, chef d&rsquo;une bande criminelle de\u00a0<a href=\"http:\/\/www.lefigaro.fr\/voyages\/en-corse-randonnee-iodee-autour-de-propriano-20230508\" data-fig-type=\"Article\" data-gtm-custom-categorie=\"navigation\" data-gtm-custom-action=\"crossclick\" data-gtm-custom-label=\"Contextuel\" data-gtm-event=\"customEventSPE\" data-fig-domain=\"LEFIGARO\" target=\"_blank\" rel=\"noopener\">Propriano\u00a0<\/a>(Corse-du-Sud), a \u00e9t\u00e9 condamn\u00e9 jeudi \u00e0 14 ans de prison avec une p\u00e9riode de s\u00fbret\u00e9 des deux tiers et 20.000 euros d&rsquo;amende pour association de malfaiteurs en vue de commettre un\u00a0<a href=\"http:\/\/www.lefigaro.fr\/actualite-france\/assassinat-du-chretien-irakien-a-lyon-les-mysteres-de-l-homme-en-noir-20251028\" data-fig-type=\"Article\" data-gtm-custom-categorie=\"navigation\" data-gtm-custom-action=\"crossclick\" data-gtm-custom-label=\"Contextuel\" data-gtm-event=\"customEventSPE\" data-fig-domain=\"LEFIGARO\" target=\"_blank\" rel=\"noopener\">assassinat<\/a>.<\/p>\n<p class=\"fig-paragraph\">Il avait \u00e9t\u00e9 interpell\u00e9, le 4 janvier 2021, sur un chemin de terre de la commune d&rsquo;Afa, pr\u00e8s d&rsquo;Ajaccio \u00e0 bord d&rsquo;un v\u00e9hicule vol\u00e9, une kalachnikov charg\u00e9e entre les jambes et porteur d&rsquo;un gilet pare-balles.<\/p>\n<p>                                    <a class=\"fig-a11y-skip a11y-hidden\" href=\"#fig-a11y-skip-main-inarticle\"><br \/>\n        Passer la publicit\u00e9<br \/>\n    <\/a><\/p>\n<p class=\"fig-paragraph\">Les deux jeunes hommes qui l&rsquo;accompagnaient se sont vus infliger par le tribunal correctionnel de Marseille huit et neuf ans de prison avec une p\u00e9riode de s\u00fbret\u00e9 des deux tiers et une amende de 12.000 euros.<\/p>\n<p>Le cas de Louis Carboni disjoint<\/p>\n<p class=\"fig-paragraph\">Contestant tout projet criminel, ces trois pr\u00e9venus ont toujours affirm\u00e9 qu&rsquo;ils se rendaient \u00e0 un rendez-vous dans le but de vendre l&rsquo;arme et le v\u00e9hicule vol\u00e9. \u00c0 l&rsquo;audience, ils ont maintenu leur version, assurant ne vouloir tuer personne, ni venger personne. Selon l&rsquo;accusation, qui avait r\u00e9clam\u00e9 mercredi 15 ans de prison contre Yassine Akhazzane et 10 ans contre les deux autres pr\u00e9venus, le trio \u00e9tait pr\u00eat \u00e0 un passage \u00e0 l&rsquo;acte imminent.<\/p>\n<p class=\"fig-paragraph\">Le procureur avait expliqu\u00e9 que Yassine Akhazzane s&rsquo;\u00e9tait vu confier un contrat par Louis Carboni, 69 ans et baron du banditisme insulaire, pour l&rsquo;ex\u00e9cution d&rsquo;un membre d&rsquo;une famille adverse afin de venger l&rsquo;assassinat de l&rsquo;un de ses fils.<\/p>\n<p class=\"fig-paragraph\">Le cas de Louis Carboni a \u00e9t\u00e9 disjoint lundi en raison de son \u00e9tat de sant\u00e9 incompatible avec sa comparution. Il sera jug\u00e9 en avril. Le casier judiciaire de Yassine Akhazzane porte mention d&rsquo;une vingtaine de condamnations.<\/p>\n<p>Trois mandats d\u2019arr\u00eat<\/p>\n<p class=\"fig-paragraph\">Trois autres pr\u00e9venus auxquels il \u00e9tait reproch\u00e9 leur participation \u00e0 des actes pr\u00e9paratoires &#8211;\u00a0d\u00e9placements de v\u00e9hicules vol\u00e9s, rencontres conspiratives\u00a0&#8211; ont \u00e9t\u00e9 condamn\u00e9s \u00e0 des peines allant de quatre ans de prison, dont un an avec sursis probatoire, \u00e0 six ans de prison.<\/p>\n<p>                                    <a class=\"fig-a11y-skip a11y-hidden\" href=\"#fig-a11y-skip-main-inarticle_mtf\"><br \/>\n        Passer la publicit\u00e9<br \/>\n    <\/a><\/p>\n<p class=\"fig-paragraph\">Aucun des quatre pr\u00e9venus, qui avaient comparu libres depuis lundi, n&rsquo;\u00e9tant pr\u00e9sent \u00e0 l&rsquo;\u00e9nonc\u00e9 du jugement, le tribunal a d\u00e9cern\u00e9 trois mandats d&rsquo;arr\u00eat, un mandat de d\u00e9p\u00f4t contre un pr\u00e9venu qui comparaissait d\u00e9tenu dans une autre affaire et a maintenu en d\u00e9tention Yassine Akhazzane.<\/p>\n","protected":false},"excerpt":{"rendered":"Yassine Akhazzane a \u00e9t\u00e9 condamn\u00e9 pour association de malfaiteurs en vue de commettre un assassinat, accus\u00e9 d\u2019avoir \u00e9t\u00e9&hellip;\n","protected":false},"author":2,"featured_media":500153,"comment_status":"","ping_status":"","sticky":false,"template":"","format":"standard","meta":{"footnotes":""},"categories":[2814],"tags":[1111,11,6744,4073,2517,1777,674,1011,27,884,12,882,25],"class_list":{"0":"post-500152","1":"post","2":"type-post","3":"status-publish","4":"format-standard","5":"has-post-thumbnail","7":"category-marseille","8":"tag-actu","9":"tag-actualites","10":"tag-assassinat","11":"tag-condamnation","12":"tag-corse","13":"tag-eu","14":"tag-europe","15":"tag-fr","16":"tag-france","17":"tag-marseille","18":"tag-news","19":"tag-provence-alpes-cote-dazur","20":"tag-republique-francaise"},"share_on_mastodon":{"url":"https:\/\/pubeurope.com\/@fr\/115463639822424271","error":""},"_links":{"self":[{"href":"https:\/\/www.europesays.com\/fr\/wp-json\/wp\/v2\/posts\/500152","targetHints":{"allow":["GET"]}}],"collection":[{"href":"https:\/\/www.europesays.com\/fr\/wp-json\/wp\/v2\/posts"}],"about":[{"href":"https:\/\/www.europesays.com\/fr\/wp-json\/wp\/v2\/types\/post"}],"author":[{"embeddable":true,"href":"https:\/\/www.europesays.com\/fr\/wp-json\/wp\/v2\/users\/2"}],"replies":[{"embeddable":true,"href":"https:\/\/www.europesays.com\/fr\/wp-json\/wp\/v2\/comments?post=500152"}],"version-history":[{"count":0,"href":"https:\/\/www.europesays.com\/fr\/wp-json\/wp\/v2\/posts\/500152\/revisions"}],"wp:featuredmedia":[{"embeddable":true,"href":"https:\/\/www.europesays.com\/fr\/wp-json\/wp\/v2\/media\/500153"}],"wp:attachment":[{"href":"https:\/\/www.europesays.com\/fr\/wp-json\/wp\/v2\/media?parent=500152"}],"wp:term":[{"taxonomy":"category","embeddable":true,"href":"https:\/\/www.europesays.com\/fr\/wp-json\/wp\/v2\/categories?post=500152"},{"taxonomy":"post_tag","embeddable":true,"href":"https:\/\/www.europesays.com\/fr\/wp-json\/wp\/v2\/tags?post=500152"}],"curies":[{"name":"wp","href":"https:\/\/api.w.org\/{rel}","templated":true}]}}