{"id":500154,"date":"2025-10-30T14:41:12","date_gmt":"2025-10-30T14:41:12","guid":{"rendered":"https:\/\/www.europesays.com\/fr\/500154\/"},"modified":"2025-10-30T14:41:12","modified_gmt":"2025-10-30T14:41:12","slug":"un-laboratoire-braque-avec-des-armes-de-guerre","status":"publish","type":"post","link":"https:\/\/www.europesays.com\/fr\/500154\/","title":{"rendered":"un laboratoire braqu\u00e9 avec des armes de guerre"},"content":{"rendered":"<p>C&rsquo;est une sc\u00e8ne de braquage impressionnante qui s&rsquo;est produite ce jeudi vers 13h30 \u00e0 Lyon 7e.<\/p>\n<p>Un laboratoire, qui traite des m\u00e9taux pr\u00e9cieux, a \u00e9t\u00e9 attaqu\u00e9 par plusieurs hommes lourdement arm\u00e9s. Ils sont repartis avec un butin charg\u00e9 dans un v\u00e9hicule muni d&rsquo;un gyrophare, selon des t\u00e9moins de la sc\u00e8ne que le Progr\u00e8s a pu contacter.<\/p>\n<p>La BRI et les pompiers sur place<\/p>\n<p>La sc\u00e8ne s&rsquo;est produite boulevard du Parc d&rsquo;Artillerie. Des riverains du laboratoire Pourquery racontent avoir d&rsquo;abord entendu une forte d\u00e9tonation. Une explosion : \u00ab\u00a0 Ils ont fait sauter deux vitres s\u00e9curis\u00e9es du laboratoire. La sc\u00e8ne a dur\u00e9 sept minutes, ils \u00e9taient calmes, porteurs de brassards jaune ou orange. Il y avait plusieurs hommes, peut-\u00eatre trois ou quatre, porteurs de kalashnikov et de faux brassards&#8230; on les a vus charger leur v\u00e9hicule, un petit fourgon avant de fuir.\u00a0\u00bb<\/p>\n<p>On ignore s&rsquo;il y a eu des tirs. La BRI et les pompiers sont sur place. Il n&rsquo; a pas \u00e9t\u00e9 fait \u00e9tat de blessures physiques.<\/p>\n<p><a href=\"https:\/\/actu17.fr\/faits-divers\/un-laboratoire-de-metaux-precieux-attaque-a-lyon-cinq-hommes-armes-interpelles-peu-apres-par-la-bri.html\" target=\"_blank\" rel=\"noopener\">Selon Actu 17<\/a>, cinq hommes en fuite ont \u00e9t\u00e9 interpell\u00e9s rapidement et plac\u00e9s en garde \u00e0 vue.<\/p>\n<p>Ce contenu est bloqu\u00e9 car vous n&rsquo;avez pas accept\u00e9 les cookies et autres traceurs.<\/p>\n<p>En cliquant sur \u00ab J\u2019accepte \u00bb, les cookies et autres traceurs seront d\u00e9pos\u00e9s et vous pourrez visualiser les contenus  (<a href=\"\" class=\"consentModule_policy\" target=\"_blank\" title=\"Consulter la politique de protection des donn\u00e9es du fournisseur\">plus d&rsquo;informations<\/a>).<\/p>\n<p>En cliquant sur \u00ab J\u2019accepte tous les cookies \u00bb, vous autorisez des d\u00e9p\u00f4ts de cookies et autres traceurs pour le stockage de vos donn\u00e9es sur nos sites et applications \u00e0 des fins de personnalisation et de ciblage publicitaire.<\/p>\n<p class=\"consentModule_secondaryText\">Vous gardez la possibilit\u00e9 de retirer votre consentement \u00e0 tout moment en consultant notre <a href=\"https:\/\/www.leprogres.fr\/protection-des-donnees\" target=\"_blank\" title=\"Consulter notre politique de protection des donn\u00e9es\" rel=\"noopener\">politique de protection des donn\u00e9es<\/a>. <br \/>&#13;<br \/>\n            <a href=\"https:\/\/www.leprogres.fr\/faits-divers-justice\/2025\/10\/30\/javascript:Didomi.notice.show()\" class=\"consentModule_cmp\" target=\"_blank\" rel=\"noopener\">G\u00e9rer mes choix<\/a>&#13;\n        <\/p>\n<p>&#13;<br \/>\n                        J&rsquo;accepte&#13;<br \/>\n            J&rsquo;accepte tous les cookies&#13;\n        <\/p>\n<p>Le jeudi 15 mai 2025, au m\u00eame endroit, un commando arm\u00e9 avait incendi\u00e9 une Porsche avant de prendre la fuite \u00e0 bord d\u2019un v\u00e9hicule de type Berlingo. Les quatre hommes, cagoul\u00e9s et arm\u00e9s, avaient tent\u00e9, sans succ\u00e8s, de commettre un vol \u00e0 main arm\u00e9 dans ce m\u00eame laboratoire sp\u00e9cialis\u00e9 dans le traitement des m\u00e9taux pr\u00e9cieux. Ils avaient braqu\u00e9 plusieurs employ\u00e9s avec des armes longues avant de battre en retraite.<\/p>\n<p>Des vols \u00e0 main arm\u00e9e visant des \u00e9tablissements d\u00e9tenant des m\u00e9taux nobles \u00e0 Lyon, ce n\u2019est pas nouveau. Il y avait eu cette attaque dans\u00a0une boutique du cours Franklin-Roosevelt, <a href=\"https:\/\/www.leprogres.fr\/faits-divers-justice\/2024\/11\/13\/tentative-de-braquage-a-lyon-dans-une-boutique-de-rachat-d-or\" target=\"_blank\" rel=\"noopener\">prise pour cible \u00e0 deux reprises<\/a> en octobre et novembre 2024\u00a0; une autre encore \u00e0 Saint-Priest, durant la m\u00eame p\u00e9riode, o\u00f9 un fourgon d\u2019une soci\u00e9t\u00e9 sp\u00e9cialis\u00e9e dans les biens de valeur avait \u00e9t\u00e9 vis\u00e9.<\/p>\n<p>Enfin, \u00e0 Limonest, en 2021, un groupe de braqueurs avait tent\u00e9 de s\u2019emparer de 50\u00a0kg d\u2019or appartenant \u00e0 la soci\u00e9t\u00e9 SAAMP, avant de compara\u00eetre <a href=\"https:\/\/www.leprogres.fr\/faits-divers-justice\/2024\/02\/08\/proces-du-braquage-rate-a-limonest-douze-ans-requis-contre-le-chef-presume\" target=\"_blank\" rel=\"noopener\">devant la cour d\u2019assises trois ans plus tard<\/a>.<\/p>\n","protected":false},"excerpt":{"rendered":"C&rsquo;est une sc\u00e8ne de braquage impressionnante qui s&rsquo;est produite ce jeudi vers 13h30 \u00e0 Lyon 7e. Un laboratoire,&hellip;\n","protected":false},"author":2,"featured_media":500155,"comment_status":"","ping_status":"","sticky":false,"template":"","format":"standard","meta":{"footnotes":""},"categories":[1889],"tags":[1111,11,2430,271,272,2757,1777,674,274,107,1011,27,2428,12,25,2429],"class_list":{"0":"post-500154","1":"post","2":"type-post","3":"status-publish","4":"format-standard","5":"has-post-thumbnail","7":"category-lyon","8":"tag-actu","9":"tag-actualites","10":"tag-auvergne-rhone-alpes","11":"tag-crime","12":"tag-delit-et-contravention","13":"tag-edition-lyon-villeurbanne","14":"tag-eu","15":"tag-europe","16":"tag-faits-divers-justice","17":"tag-fil-info","18":"tag-fr","19":"tag-france","20":"tag-lyon","21":"tag-news","22":"tag-republique-francaise","23":"tag-rhone"},"share_on_mastodon":{"url":"https:\/\/pubeurope.com\/@fr\/115463643707124062","error":""},"_links":{"self":[{"href":"https:\/\/www.europesays.com\/fr\/wp-json\/wp\/v2\/posts\/500154","targetHints":{"allow":["GET"]}}],"collection":[{"href":"https:\/\/www.europesays.com\/fr\/wp-json\/wp\/v2\/posts"}],"about":[{"href":"https:\/\/www.europesays.com\/fr\/wp-json\/wp\/v2\/types\/post"}],"author":[{"embeddable":true,"href":"https:\/\/www.europesays.com\/fr\/wp-json\/wp\/v2\/users\/2"}],"replies":[{"embeddable":true,"href":"https:\/\/www.europesays.com\/fr\/wp-json\/wp\/v2\/comments?post=500154"}],"version-history":[{"count":0,"href":"https:\/\/www.europesays.com\/fr\/wp-json\/wp\/v2\/posts\/500154\/revisions"}],"wp:featuredmedia":[{"embeddable":true,"href":"https:\/\/www.europesays.com\/fr\/wp-json\/wp\/v2\/media\/500155"}],"wp:attachment":[{"href":"https:\/\/www.europesays.com\/fr\/wp-json\/wp\/v2\/media?parent=500154"}],"wp:term":[{"taxonomy":"category","embeddable":true,"href":"https:\/\/www.europesays.com\/fr\/wp-json\/wp\/v2\/categories?post=500154"},{"taxonomy":"post_tag","embeddable":true,"href":"https:\/\/www.europesays.com\/fr\/wp-json\/wp\/v2\/tags?post=500154"}],"curies":[{"name":"wp","href":"https:\/\/api.w.org\/{rel}","templated":true}]}}