{"id":500175,"date":"2025-10-30T14:54:11","date_gmt":"2025-10-30T14:54:11","guid":{"rendered":"https:\/\/www.europesays.com\/fr\/500175\/"},"modified":"2025-10-30T14:54:11","modified_gmt":"2025-10-30T14:54:11","slug":"lallemagne-evite-de-justesse-la-recession-au-troisieme-trimestre","status":"publish","type":"post","link":"https:\/\/www.europesays.com\/fr\/500175\/","title":{"rendered":"L\u2019Allemagne \u00e9vite de justesse la r\u00e9cession au troisi\u00e8me trimestre"},"content":{"rendered":"<p>Entre juillet et septembre, le Produit int\u00e9rieur brut de la premi\u00e8re \u00e9conomie europ\u00e9enne a connu une croissance nulle (0,0\u00a0%), selon l\u2019office statistique Destatis, tandis que les analystes de la plateforme Factset s\u2019attendaient \u00e0 un timide rebond de 0,1\u00a0%, apr\u00e8s un recul r\u00e9vis\u00e9 \u00e0 -0,2\u00a0% au deuxi\u00e8me trimestre. Le signe que le pays peine \u00e0 se sortir de deux ann\u00e9es de recul cons\u00e9cutives.<\/p>\n<p>Selon les premi\u00e8res estimations, les investissements en \u00e9quipements ont \u00e9volu\u00e9 positivement au troisi\u00e8me trimestre 2025, tandis que les exportations ont diminu\u00e9 par rapport au trimestre pr\u00e9c\u00e9dent, a d\u00e9taill\u00e9 Destatis. Les exportations avaient profit\u00e9 en d\u00e9but d\u2019ann\u00e9e d\u2019effets d\u2019anticipation des droits de douane am\u00e9ricains, avant que les surtaxes impos\u00e9es par Donald Trump \u00e0 l\u2019UE, effectives depuis l\u2019\u00e9t\u00e9, ne grippent le commerce mondial.<\/p>\n<p>Pour relancer l\u2019\u00e9conomie, le chancelier conservateur Friedrich Merz compte sur un fonds de plusieurs centaines de milliards d\u2019euros destin\u00e9 \u00e0 moderniser la d\u00e9fense et les infrastructures, mais dont les effets devraient se faire sentir sur la croissance en 2026. \u00ab\u00a0Se reposer sans cesse sur l\u2019impulsion du fonds sp\u00e9cial ne suffira pas \u00e0 long terme\u00a0: des r\u00e9formes favorisant la croissance sont d\u00e9sormais indispensables\u00a0\u00bb, note Jens-Oliver Niklasch de la banque LBBW.<\/p>\n<p>Le bilan allemand appara\u00eet d\u2019autant plus morose que la situation semble meilleure dans les autres pays de la zone euro, dont la France, o\u00f9 le PIB a rebondi de 0,5\u00a0% lors du trimestre d\u2019\u00e9t\u00e9.<\/p>\n<p>Une inflation encore haute<\/p>\n<p>Quant \u00e0 l\u2019inflation, elle a ralenti en octobre apr\u00e8s deux mois de hausse, mais l\u00e9g\u00e8rement moins qu\u2019anticip\u00e9 par les analystes. La hausse des prix en Allemagne s\u2019est \u00e9tablie \u00e0 2,3\u00a0% sur un an en octobre, selon des chiffres provisoires de l\u2019institut Destatis publi\u00e9s jeudi, contre 2,4\u00a0% en septembre.<\/p>\n<p>Comme depuis un an, la d\u00e9tente de l\u2019inflation s\u2019explique avant tout par le recul des prix de l\u2019\u00e9nergie, qui avaient atteint des sommets lors de la crise \u00e9nerg\u00e9tique de 2023 provoqu\u00e9e par l\u2019invasion russe en Ukraine. L\u2019inflation dans les services (+\u00a03,5\u00a0% en octobre) demeure n\u00e9anmoins plus \u00e9lev\u00e9e que la moyenne.<\/p>\n<p>Pour Carsten Brzeski, ce mois d\u2019octobre marque \u00ab\u00a0le d\u00e9but d\u2019une nouvelle phase de d\u00e9sinflation\u00a0\u00bb, port\u00e9e par le renforcement de l\u2019euro et l\u2019effet de base li\u00e9 aux prix de l\u2019\u00e9nergie. L\u2019inflation allemande devrait donc \u00e9voluer \u00ab\u00a0vers 2\u00a0%, voire en dessous, au cours des prochains mois\u00a0\u00bb, avant d\u2019acc\u00e9l\u00e9rer \u00e0 nouveau.<\/p>\n<p>Un taux de ch\u00f4mage qui ne diminue pas<\/p>\n<p>Un autre signe de stagnation en Allemagne est venu du march\u00e9 du travail\u00a0: le taux de ch\u00f4mage est rest\u00e9 inchang\u00e9 \u00e0 6,3\u00a0% en octobre, en donn\u00e9es corrig\u00e9es des variations saisonni\u00e8res, un niveau stable depuis mars, a indiqu\u00e9 jeudi l\u2019Agence f\u00e9d\u00e9rale pour l\u2019emploi. En donn\u00e9es brutes, le nombre de ch\u00f4meurs a recul\u00e9 de 44\u00a0000 sur un mois, \u00e0 2,91\u00a0millions. L\u2019agence note toutefois un \u00ab\u00a0manque de dynamisme\u00a0\u00bb de la reprise automnale et la faiblesse de la demande de nouveaux emplois.<\/p>\n","protected":false},"excerpt":{"rendered":"Entre juillet et septembre, le Produit int\u00e9rieur brut de la premi\u00e8re \u00e9conomie europ\u00e9enne a connu une croissance nulle&hellip;\n","protected":false},"author":2,"featured_media":500176,"comment_status":"","ping_status":"","sticky":false,"template":"","format":"standard","meta":{"footnotes":""},"categories":[1587],"tags":[11,672,1804,1805,1803,1777,674,1801,12,1802],"class_list":{"0":"post-500175","1":"post","2":"type-post","3":"status-publish","4":"format-standard","5":"has-post-thumbnail","7":"category-allemagne","8":"tag-actualites","9":"tag-allemagne","10":"tag-bundesrepublik-deutschland","11":"tag-de","12":"tag-deutschland","13":"tag-eu","14":"tag-europe","15":"tag-germany","16":"tag-news","17":"tag-republique-federale-dallemagne"},"share_on_mastodon":{"url":"https:\/\/pubeurope.com\/@fr\/115463694860605569","error":""},"_links":{"self":[{"href":"https:\/\/www.europesays.com\/fr\/wp-json\/wp\/v2\/posts\/500175","targetHints":{"allow":["GET"]}}],"collection":[{"href":"https:\/\/www.europesays.com\/fr\/wp-json\/wp\/v2\/posts"}],"about":[{"href":"https:\/\/www.europesays.com\/fr\/wp-json\/wp\/v2\/types\/post"}],"author":[{"embeddable":true,"href":"https:\/\/www.europesays.com\/fr\/wp-json\/wp\/v2\/users\/2"}],"replies":[{"embeddable":true,"href":"https:\/\/www.europesays.com\/fr\/wp-json\/wp\/v2\/comments?post=500175"}],"version-history":[{"count":0,"href":"https:\/\/www.europesays.com\/fr\/wp-json\/wp\/v2\/posts\/500175\/revisions"}],"wp:featuredmedia":[{"embeddable":true,"href":"https:\/\/www.europesays.com\/fr\/wp-json\/wp\/v2\/media\/500176"}],"wp:attachment":[{"href":"https:\/\/www.europesays.com\/fr\/wp-json\/wp\/v2\/media?parent=500175"}],"wp:term":[{"taxonomy":"category","embeddable":true,"href":"https:\/\/www.europesays.com\/fr\/wp-json\/wp\/v2\/categories?post=500175"},{"taxonomy":"post_tag","embeddable":true,"href":"https:\/\/www.europesays.com\/fr\/wp-json\/wp\/v2\/tags?post=500175"}],"curies":[{"name":"wp","href":"https:\/\/api.w.org\/{rel}","templated":true}]}}