{"id":500179,"date":"2025-10-30T14:56:14","date_gmt":"2025-10-30T14:56:14","guid":{"rendered":"https:\/\/www.europesays.com\/fr\/500179\/"},"modified":"2025-10-30T14:56:14","modified_gmt":"2025-10-30T14:56:14","slug":"pour-kim-kardashian-lalunissage-de-neil-armstrong-na-jamais-eu-lieu","status":"publish","type":"post","link":"https:\/\/www.europesays.com\/fr\/500179\/","title":{"rendered":"Pour Kim Kardashian, l\u2019alunissage de Neil Armstrong n\u2019a jamais eu lieu"},"content":{"rendered":"<p>C&rsquo;est fou comme certaines th\u00e9ories du complot perdurent. Celle de <a class=\"Link\" href=\"https:\/\/www.lepoint.fr\/dossiers\/histoire\/apollon11-lune\/\" target=\"_blank\" title=\"\" data-gtm=\"click:capsule\" data-capsule=\"Lien\" rel=\"noopener\">l&rsquo;alunissage r\u00e9ussi des astronautes<\/a> Neil Armstrong, Buzz Aldrin et Michael Collins en\u00a01969\u00a0avec la mission Apollo\u00a011\u00a0en est une et elle vient d&rsquo;\u00eatre raviv\u00e9e par Kim Kardashian.<\/p>\n<p>La newsletter culture<\/p>\n<p class=\"period\">Tous les mercredis \u00e0 16h<\/p>\n<p>Recevez l\u2019actualit\u00e9 culturelle de la semaine \u00e0 ne pas manquer ainsi que les Enqu\u00eates, d\u00e9cryptages, portraits, tendances\u2026<\/p>\n<p>Merci !<br \/>Votre inscription a bien \u00e9t\u00e9 prise en compte avec l&rsquo;adresse email :<\/p>\n<p>Pour d\u00e9couvrir toutes nos autres newsletters, rendez-vous ici : <a href=\"https:\/\/moncompte.lepoint.fr\/\" title=\"\" target=\"_blank\" rel=\"noopener\">MonCompte<\/a><\/p>\n<p>En vous inscrivant, vous acceptez les <a href=\"https:\/\/www.lepoint.fr\/html\/cgu\/\" title=\"Conditions g\u00e9n\u00e9rales d&#039;utilisation\" target=\"_blank\" rel=\"noopener\">conditions g\u00e9n\u00e9rales d\u2019utilisations<\/a> et notre <a href=\"https:\/\/www.lepoint.fr\/html\/politique-de-protection-donnees-personnelles\/\" title=\"Politique de confidentialit\u00e9\" target=\"_blank\" rel=\"noopener\">politique de confidentialit\u00e9<\/a>.<\/p>\n<p>\u00ab\u00a0Je crois que \u00e7a n&rsquo;est jamais arriv\u00e9\u00a0\u00bb, a d\u00e9clar\u00e9 la star de 45\u00a0ans dans <a class=\"Link\" href=\"https:\/\/www.lepoint.fr\/culture\/les-kardashian-miroir-bling-bling-du-xxie-siecle-25-04-2025-2588218_3.php\" title=\"\" data-gtm=\"click:capsule\" data-capsule=\"Lien\" target=\"_blank\" rel=\"noopener\">son \u00e9mission de t\u00e9l\u00e9-r\u00e9alit\u00e9<\/a>\u00a0The Kardashians\u00a0(via <a class=\"Link\" href=\"https:\/\/people.com\/kim-kardashian-insists-the-1969-moon-landing-was-fake-11839390\" target=\"_blank\" title=\"\" data-gtm=\"click:capsule\" data-capsule=\"Lien\" rel=\"noopener\">People<\/a>) diffus\u00e9e ce jeudi 30\u00a0octobre sur Hulu (disponible sur Disney+\u00a0en France) et regard\u00e9e par plusieurs millions de personnes \u00e0 travers le monde (3,9\u00a0millions de t\u00e9l\u00e9spectateurs s&rsquo;\u00e9taient press\u00e9s pour voir le premier \u00e9pisode de la nouvelle saison l&rsquo;ann\u00e9e derni\u00e8re).<\/p>\n<blockquote class=\"instagram-media\" data-instgrm-captioned=\"\" data-instgrm-permalink=\"https:\/\/www.instagram.com\/reel\/DQXSeFGEuZE\/?utm_source=ig_embed&amp;utm_campaign=loading\" data-instgrm-version=\"14\" style=\" background:#FFF; border:0; border-radius:3px; box-shadow:0 0 1px 0 rgba(0,0,0,0.5),0 1px 10px 0 rgba(0,0,0,0.15); margin: 1px; max-width:540px; min-width:326px; padding:0; width:99.375%; width:-webkit-calc(100% - 2px); width:calc(100% - 2px);\"><\/blockquote>\n<p>Ajoutons \u00e0 cela les r\u00e9seaux sociaux de la femme d&rsquo;affaires, suivie par plus de 354\u00a0millions de personnes sur Instagram, 75,1\u00a0millions sur X ou encore 10,3\u00a0millions sur TikTok. Et cela alors qu&rsquo;elle assure la promotion de son \u00e9mission mais aussi de <a class=\"Link\" href=\"https:\/\/www.lepoint.fr\/pop-culture\/monstres-sur-netflix-va-t-on-vers-une-overdose-de-ryan-murphy-11-11-2024-2574948_2920.php\" title=\"\" data-gtm=\"click:capsule\" data-capsule=\"Lien\" target=\"_blank\" rel=\"noopener\">la nouvelle s\u00e9rie Netflix de Ryan Murphy<\/a>, All&rsquo;s Fair, dans laquelle elle incarne une avocate sp\u00e9cialis\u00e9e dans les divorces face \u00e0, entre autres, Sarah Paulson.<\/p>\n<p>La v\u00e9rit\u00e9 est ailleurs<\/p>\n<p>La s\u00e9quence a d&rsquo;ailleurs \u00e9t\u00e9 film\u00e9e durant le tournage de cette s\u00e9rie et c&rsquo;est \u00e0 <a class=\"Link\" href=\"https:\/\/www.lepoint.fr\/pop-culture\/impeachment-american-crime-story-l-affaire-lewinsky-a-l-epreuve-de-metoo-28-10-2021-2449689_2920.php\" title=\"\" data-gtm=\"click:capsule\" data-capsule=\"Lien\" target=\"_blank\" rel=\"noopener\">la com\u00e9dienne f\u00e9tiche<\/a> de Ryan Murphy qu&rsquo;elle s&rsquo;adresse. Sarah Paulson \u00e9met quelques doutes sur l&rsquo;affirmation de Kim Kardashian, qui assure alors avoir des preuves de ce qu&rsquo;elle avance.<\/p>\n<p>\u00ab\u00a0Je vais t&rsquo;envoyer des millions d&rsquo;articles sur les deux, Buzz Aldrin et l&rsquo;autre\u00a0\u00bb, d\u00e9clare-t-elle, ne se souvenant plus du nom de Neil Armstrong, et joignant le geste \u00e0 la parole. \u00ab\u00a0Cette fille dit\u00a0: \u201cQuel a \u00e9t\u00e9 le moment le plus effrayant\u00a0?\u201d Et (Aldrin) r\u00e9pond\u00a0: \u201cIl n&rsquo;y a pas eu de moment effrayant parce que \u00e7a n&rsquo;est jamais arriv\u00e9. \u00c7a aurait pu \u00eatre effrayant, mais \u00e7a ne l&rsquo;a pas \u00e9t\u00e9 parce que \u00e7a n&rsquo;est jamais arriv\u00e9\u201d.\u00a0\u00bb<\/p>\n<p>Kim Kardashian affirme ensuite que <a class=\"Link\" href=\"https:\/\/www.lepoint.fr\/economie\/buzz-aldrin-ca-a-ete-plus-dur-de-sortir-de-l-alcool-que-d-aller-sur-la-lune-03-11-2020-2399369_28.php\" title=\"\" data-gtm=\"click:capsule\" data-capsule=\"Lien\" target=\"_blank\" rel=\"noopener\">Buzz Aldrin<\/a> raconte \u00ab\u00a0tout le temps\u00a0\u00bb que \u00e7a n&rsquo;est pas arriv\u00e9 maintenant, parce qu&rsquo;il est \u00ab\u00a0devenu vieux\u00a0\u00bb. L&rsquo;ancien astronaute de 95\u00a0ans sera sans doute ravi d&rsquo;apprendre dans The Kardashians qu&rsquo;il est frapp\u00e9 de s\u00e9nilit\u00e9.<\/p>\n<p>La milliardaire\u00a0r\u00e9p\u00e8te ensuite les m\u00eames questions que posent les th\u00e9oriciens du complot\u00a0: \u00ab\u00a0Pourquoi Buzz Aldrin dit que \u00e7a n&rsquo;est jamais arriv\u00e9\u00a0? Il n&rsquo;y a pas de gravit\u00e9 sur la Lune, pourquoi le drapeau flotte-t-il\u00a0? Les chaussures qu&rsquo;ils ont dans le mus\u00e9e et qu&rsquo;ils portaient sur la Lune n&rsquo;ont pas la m\u00eame empreinte que sur les photos. Pourquoi n&rsquo;y a-t-il pas d&rsquo;\u00e9toile\u00a0?\u00a0\u00bb<\/p>\n<p>L&rsquo;info(x) via les r\u00e9seaux sociaux<\/p>\n<p>Kim Kardashian a ensuite d\u00e9voil\u00e9 \u00e0 l&rsquo;image sa source principale d&rsquo;information \u00e0 un producteur qui s&rsquo;inqui\u00e9tait de savoir si elle ne craignait pas qu&rsquo;on la prenne \u00ab\u00a0pour une folle\u00a0\u00bb (ou de l&rsquo;\u00e9ventuel bad buzz de tels propos pour sa s\u00e9rie Netflix)\u00a0: \u00ab\u00a0Va sur TikTok v\u00e9rifier par toi-m\u00eame.\u00a0\u00bb<\/p>\n<p>\n\u00c0 D\u00e9couvrir<br \/>\n<strong class=\"discover-kangourou__line\"><br \/>\n<img decoding=\"async\" class=\"discover-kangourou__img\" src=\"https:\/\/static.lpnt.fr\/static\/img\/kangourou\/kangourou_filled.svg\"\/><br \/>\n<strong class=\"discover-kangourou__txt\"><br \/>\n<strong>Le Kangourou du jour<\/strong><br \/>\n<a href=\"https:\/\/kangourou.lepoint.fr\" title=\"kangourou\" data-gtm-cta=\"kangourou_article\" class=\"discover-kangourou__lnk\" target=\"_blank\" rel=\"noopener\"><br \/>\nR\u00e9pondre<br \/>\n<\/a><br \/>\n<\/strong><br \/>\n<\/strong><br \/>\nOn pourrait r\u00e9torquer qu&rsquo;il a \u00e9t\u00e9 prouv\u00e9, <a class=\"Link\" href=\"https:\/\/eu.usatoday.com\/story\/news\/factcheck\/2022\/10\/12\/fact-check-no-buzz-aldrin-did-not-say-moon-landing-fake-apollo-11\/8236597001\/\" target=\"_blank\" title=\"\" data-gtm=\"click:capsule\" data-capsule=\"Lien\" rel=\"noopener\">\u00e0 maintes reprises<\/a>\u00a0par des professionnels, que les vid\u00e9os de Buzz Aldrin cit\u00e9es par Kim Kardashian ont \u00e9t\u00e9 trafiqu\u00e9es. Ou encore que l&rsquo;absence d&rsquo;\u00e9toile est due au fait que le soleil illuminait la surface de la Lune \u00e0 ce moment-l\u00e0, faisant dispara\u00eetre les \u00e9toiles (un peu comme il est difficile de voir la Lune en plein jour). Las.<\/p>\n<p>Cela fait\u00a0cinq d\u00e9cennies que la Nasa, les scientifiques ou encore les journalistes <a class=\"Link\" href=\"https:\/\/abcnews.go.com\/Technology\/apollo-11-moon-landing-conspiracy-theories-endured-debunked\/story?id=64339363\" target=\"_blank\" title=\"\" data-gtm=\"click:capsule\" data-capsule=\"Lien\" rel=\"noopener\">d\u00e9montrent<\/a>\u00a0inlassablement que ces th\u00e9ories auxquelles croit mordicus la star de la t\u00e9l\u00e9-r\u00e9alit\u00e9 sont fausses. Force est de constater que n&rsquo;importe quel quidam muni d&rsquo;un smartphone connect\u00e9 aux r\u00e9seaux sociaux semble avoir plus de cr\u00e9dibilit\u00e9. H\u00e9las. Et avec les avanc\u00e9es de l&rsquo;IA, on peut dire sans trop s&rsquo;avancer qu&rsquo;on n&rsquo;est pas sorti des ronces\u2026 On vient tout juste d&rsquo;y tomber.<\/p>\n<p>Toute l\u2019actualit\u00e9 \u00e0 1\u20ac le premier mois<\/p>\n<p><a href=\"https:\/\/abo.lepoint.fr\/?provenance=21EDI020098\" class=\"btn\" title=\"S&#039;abonner\" data-gtm=\"click:abo|display:abo\" data-campaign=\"paywall_maison\" target=\"_blank\" rel=\"noopener\">S&rsquo;abonner<\/a><\/p>\n<p>ou<\/p>\n<p><script async src=\"\/\/www.instagram.com\/embed.js\"><\/script><\/p>\n","protected":false},"excerpt":{"rendered":"C&rsquo;est fou comme certaines th\u00e9ories du complot perdurent. Celle de l&rsquo;alunissage r\u00e9ussi des astronautes Neil Armstrong, Buzz Aldrin&hellip;\n","protected":false},"author":2,"featured_media":500180,"comment_status":"","ping_status":"","sticky":false,"template":"","format":"standard","meta":{"footnotes":""},"categories":[1586],"tags":[11,1777,674,1779,1011,27,8932,12,25,1778,364],"class_list":{"0":"post-500179","1":"post","2":"type-post","3":"status-publish","4":"format-standard","5":"has-post-thumbnail","7":"category-europe","8":"tag-actualites","9":"tag-eu","10":"tag-europe","11":"tag-european-union","12":"tag-fr","13":"tag-france","14":"tag-kim-kardashian","15":"tag-news","16":"tag-republique-francaise","17":"tag-ue","18":"tag-union-europeenne"},"share_on_mastodon":{"url":"https:\/\/pubeurope.com\/@fr\/115463702822969410","error":""},"_links":{"self":[{"href":"https:\/\/www.europesays.com\/fr\/wp-json\/wp\/v2\/posts\/500179","targetHints":{"allow":["GET"]}}],"collection":[{"href":"https:\/\/www.europesays.com\/fr\/wp-json\/wp\/v2\/posts"}],"about":[{"href":"https:\/\/www.europesays.com\/fr\/wp-json\/wp\/v2\/types\/post"}],"author":[{"embeddable":true,"href":"https:\/\/www.europesays.com\/fr\/wp-json\/wp\/v2\/users\/2"}],"replies":[{"embeddable":true,"href":"https:\/\/www.europesays.com\/fr\/wp-json\/wp\/v2\/comments?post=500179"}],"version-history":[{"count":0,"href":"https:\/\/www.europesays.com\/fr\/wp-json\/wp\/v2\/posts\/500179\/revisions"}],"wp:featuredmedia":[{"embeddable":true,"href":"https:\/\/www.europesays.com\/fr\/wp-json\/wp\/v2\/media\/500180"}],"wp:attachment":[{"href":"https:\/\/www.europesays.com\/fr\/wp-json\/wp\/v2\/media?parent=500179"}],"wp:term":[{"taxonomy":"category","embeddable":true,"href":"https:\/\/www.europesays.com\/fr\/wp-json\/wp\/v2\/categories?post=500179"},{"taxonomy":"post_tag","embeddable":true,"href":"https:\/\/www.europesays.com\/fr\/wp-json\/wp\/v2\/tags?post=500179"}],"curies":[{"name":"wp","href":"https:\/\/api.w.org\/{rel}","templated":true}]}}